{"id":59813,"date":"2018-02-24T17:34:52","date_gmt":"2018-02-24T16:34:52","guid":{"rendered":"https:\/\/www.summitcairn.com\/?p=59813"},"modified":"2018-03-07T21:34:07","modified_gmt":"2018-03-07T20:34:07","slug":"parcs-naturels-francais","status":"publish","type":"post","link":"https:\/\/www.summitcairn.com\/en\/parcs-naturels-francais\/","title":{"rendered":"French National and Regional Parks"},"content":{"rendered":"<div class=\"wpb-content-wrapper\">[vc_row][vc_column column_width_percent=&#8221;60&#8243; overlay_alpha=&#8221;50&#8243; gutter_size=&#8221;3&#8243; medium_width=&#8221;0&#8243; mobile_width=&#8221;0&#8243; shift_x=&#8221;0&#8243; shift_y=&#8221;0&#8243; shift_y_down=&#8221;0&#8243; z_index=&#8221;0&#8243; width=&#8221;1\/1&#8243;][vc_column_text]The current ten French National Parks cover 54 409km\u00b2 of unspoiled nature. On ground or at sea, these places are protecting the environment, biodiversity but also the local culture. In addition to this parks, you will also find regional protected areas, the Parcs Naturels R\u00e9gionaux. This parks covers 15% of the french territory and are absolutely beautiful to.<\/p>\n<p>I wish to present you a sum up of this wonderful places and I hope, giving you the envy to visit them.[\/vc_column_text][\/vc_column][\/vc_row][vc_row][vc_column column_width_percent=&#8221;90&#8243; overlay_alpha=&#8221;50&#8243; gutter_size=&#8221;3&#8243; medium_width=&#8221;0&#8243; mobile_width=&#8221;0&#8243; shift_x=&#8221;0&#8243; shift_y=&#8221;0&#8243; shift_y_down=&#8221;0&#8243; z_index=&#8221;0&#8243; width=&#8221;1\/1&#8243;][vc_tabs vertical=&#8221;yes&#8221;][vc_tab title=&#8221;Parc National des Ecrins&#8221; tab_id=&#8221;1519472694757-3-1&#8243;][vc_row_inner][vc_column_inner width=&#8221;1\/2&#8243;][uncode_list icon=&#8221;fa fa-angle-right&#8221; icon_color=&#8221;color-wvjs&#8221;]\n<ul>\n<li>Creation : 23 March 1973<\/li>\n<li>Area : 92 000ha<\/li>\n<li>Environment : Mountains<\/li>\n<li>Wildlife : Wolf, Mountain Goats, Marmot, Vulture, Eagle &#8230;<\/li>\n<li>Bivouac : Allowes from 7pm to 9am if you are 1h far from the limits of the park<\/li>\n<li>Main hikes : <a href=\"https:\/\/www.summitcairn.com\/gr54-tour-ecrins\/\" target=\"_blank\" rel=\"noopener\">GR54<\/a>, <a href=\"https:\/\/www.summitcairn.com\/muzelle-lauvitel\/\" target=\"_blank\" rel=\"noopener\">Tour Muzelle-Lauvitel<\/a>, Tour du Vieux Chaillol, a lot of small hike and a paradise for Mountaineering<\/li>\n<li>Link :\u00a0<a href=\"http:\/\/www.ecrins-parcnational.fr\/\">http:\/\/www.ecrins-parcnational.fr\/<\/a><\/li>\n<\/ul>\n[\/uncode_list][\/vc_column_inner][vc_column_inner width=&#8221;1\/2&#8243;][vc_gallery el_id=&#8221;gallery-152655&#8243; medias=&#8221;59527&#8243; gutter_size=&#8221;3&#8243; media_items=&#8221;media|nolink|original&#8221; screen_lg=&#8221;1000&#8243; screen_md=&#8221;600&#8243; screen_sm=&#8221;480&#8243; single_overlay_opacity=&#8221;50&#8243; single_padding=&#8221;2&#8243;][\/vc_column_inner][\/vc_row_inner][vc_row_inner][vc_column_inner column_width_percent=&#8221;75&#8243; position_horizontal=&#8221;left&#8221; gutter_size=&#8221;3&#8243; overlay_alpha=&#8221;50&#8243; medium_width=&#8221;0&#8243; mobile_width=&#8221;0&#8243; shift_x=&#8221;0&#8243; shift_y=&#8221;0&#8243; shift_y_down=&#8221;0&#8243; z_index=&#8221;0&#8243; width=&#8221;1\/1&#8243;][vc_empty_space empty_h=&#8221;0&#8243;][vc_column_text]Amazing jewel of the Alps, the Ecrins Nat. Park hosts some of the most beautiful landscapes of France. Nature is rich as the human culture. The choice among hiking paths, mountaineering routes or any other outdoor sport are almost infinite.<\/p>\n<p>I strongly advice you to discover the GR54 hiking path which make you discovering most of the landscapes and places of the park along its 10 days of wild trekking.[\/vc_column_text][vc_column_text]<style type=\"text\/css\" id=\"gmpMapStyles_3_80493\">\r\n\t#google_map_easy_3_80493 {\r\n        width: 100%;\r\n        height: 600px;\r\n\t\t\t\t\t\t    }\r\n\t#gmapControlsNum_3_80493 {\r\n\t\twidth:100%\t}\r\n\t.gmpMapDetailsContainer#gmpMapDetailsContainer_3_80493 {\r\n\t\theight:600px;\r\n\t}\r\n\t.gmp_MapPreview#google_map_easy_3_80493 {\r\n\t\t\/*position:absolute;*\/\r\n\t\twidth: 100%;\r\n\t}\r\n\t#mapConElem_3_80493{\r\n\t\twidth: 100%\t}\r\n    .gm-style .gm-style-iw-c{\r\n        padding: 12px!important;\r\n    }\r\n\t    <\/style>\r\n <div class=\"gmp_map_opts\" id=\"mapConElem_3_80493\" data-id=\"3\" data-view-id=\"3_80493\" > <div class=\"gmpMapDetailsContainer\" id=\"gmpMapDetailsContainer_3_80493\"> <i class=\"gmpKMLLayersPreloader fa fa-spinner fa-spin\" aria-hidden=\"true\" style=\"display: none;\"><\/i> <div class=\"gmp_MapPreview \" id=\"google_map_easy_3_80493\"><\/div> <\/div> <div class=\"gmpMapMarkerFilters\" id=\"gmpMapMarkerFilters_3_80493\"> <\/div> <div class=\"gmpMapProControlsCon\" id=\"gmpMapProControlsCon_3_80493\"> <a title=\"WordPress Google Maps\" style=\"display:none;\" href=\"https:\/\/supsystic.com\/plugins\/google-maps-plugin\/?utm_medium=love_link_hide\" target=\"_blank\">WordPress Google Maps<\/a><div style=\"clear: both;\"><\/div> <\/div> <div class=\"gmpMapProDirectionsCon\" id=\"gmpMapProDirectionsCon_3_80493\" > <\/div> <div class=\"gmpMapProKmlFilterCon\" id=\"gmpMapProKmlFilterCon_3_80493\" > <\/div> <div class=\"gmpSocialSharingShell gmpSocialSharingShell_3_80493\"> <\/div> <div style=\"clear: both;\"><\/div> <\/div> [\/vc_column_text][\/vc_column_inner][\/vc_row_inner][\/vc_tab][vc_tab title=&#8221;Parc National du Mercantour&#8221; tab_id=&#8221;1519475175002-4-6&#8243;][vc_row_inner][vc_column_inner width=&#8221;1\/2&#8243;][uncode_list icon=&#8221;fa fa-angle-right&#8221; icon_color=&#8221;color-wvjs&#8221;]\n<ul>\n<li>Creation : 18 August 1979<\/li>\n<li>Area : 68 000ha<\/li>\n<li>Environment : Mountain<\/li>\n<li>Wildlife : Wolf, Mountain Goats, Marmot, birdlife,&#8230;<\/li>\n<li>Bivouac : Allowed from 7pm to 9am if you are a 1h far from the park boundaries<\/li>\n<li>Main hikes : GR5, Grande Travers\u00e9e du Mercantour, Vall\u00e9e de Merveilles<\/li>\n<li>Link :\u00a0<a href=\"http:\/\/www.mercantour.eu\/\">http:\/\/www.mercantour.eu\/<\/a><\/li>\n<\/ul>\n[\/uncode_list][\/vc_column_inner][vc_column_inner width=&#8221;1\/2&#8243;][vc_gallery el_id=&#8221;gallery-152655&#8243; medias=&#8221;59533&#8243; gutter_size=&#8221;3&#8243; media_items=&#8221;media|nolink|original&#8221; screen_lg=&#8221;1000&#8243; screen_md=&#8221;600&#8243; screen_sm=&#8221;480&#8243; single_overlay_opacity=&#8221;50&#8243; single_padding=&#8221;2&#8243;][\/vc_column_inner][\/vc_row_inner][vc_row_inner][vc_column_inner column_width_percent=&#8221;75&#8243; position_horizontal=&#8221;left&#8221; gutter_size=&#8221;3&#8243; overlay_alpha=&#8221;50&#8243; medium_width=&#8221;0&#8243; mobile_width=&#8221;0&#8243; shift_x=&#8221;0&#8243; shift_y=&#8221;0&#8243; shift_y_down=&#8221;0&#8243; z_index=&#8221;0&#8243; width=&#8221;1\/1&#8243;][vc_empty_space empty_h=&#8221;0&#8243;][vc_column_text]Mercantour is the kingdom of the Wolves in France. It is also well know for its prehistoric engraving in &#8220;La Vall\u00e9e des Merveilles&#8221;. At the Italian border, the park offers a lot of hiking paths. The biodiversity is rich with 58 species of mammals and 2000 species of plant. Mercantour is a beautiful place to discover.[\/vc_column_text][vc_column_text]<style type=\"text\/css\" id=\"gmpMapStyles_4_18476\">\r\n\t#google_map_easy_4_18476 {\r\n        width: 100%;\r\n        height: 600px;\r\n\t\t\t\t\t\t    }\r\n\t#gmapControlsNum_4_18476 {\r\n\t\twidth:100%\t}\r\n\t.gmpMapDetailsContainer#gmpMapDetailsContainer_4_18476 {\r\n\t\theight:600px;\r\n\t}\r\n\t.gmp_MapPreview#google_map_easy_4_18476 {\r\n\t\t\/*position:absolute;*\/\r\n\t\twidth: 100%;\r\n\t}\r\n\t#mapConElem_4_18476{\r\n\t\twidth: 100%\t}\r\n    .gm-style .gm-style-iw-c{\r\n        padding: 12px!important;\r\n    }\r\n\t    <\/style>\r\n <div class=\"gmp_map_opts\" id=\"mapConElem_4_18476\" data-id=\"4\" data-view-id=\"4_18476\" > <div class=\"gmpMapDetailsContainer\" id=\"gmpMapDetailsContainer_4_18476\"> <i class=\"gmpKMLLayersPreloader fa fa-spinner fa-spin\" aria-hidden=\"true\" style=\"display: none;\"><\/i> <div class=\"gmp_MapPreview \" id=\"google_map_easy_4_18476\"><\/div> <\/div> <div class=\"gmpMapMarkerFilters\" id=\"gmpMapMarkerFilters_4_18476\"> <\/div> <div class=\"gmpMapProControlsCon\" id=\"gmpMapProControlsCon_4_18476\"> <a title=\"WordPress Google Maps\" style=\"display:none;\" href=\"https:\/\/supsystic.com\/plugins\/google-maps-plugin\/?utm_medium=love_link_hide\" target=\"_blank\">WordPress Google Maps<\/a><div style=\"clear: both;\"><\/div> <\/div> <div class=\"gmpMapProDirectionsCon\" id=\"gmpMapProDirectionsCon_4_18476\" > <\/div> <div class=\"gmpMapProKmlFilterCon\" id=\"gmpMapProKmlFilterCon_4_18476\" > <\/div> <div class=\"gmpSocialSharingShell gmpSocialSharingShell_4_18476\"> <\/div> <div style=\"clear: both;\"><\/div> <\/div> [\/vc_column_text][\/vc_column_inner][\/vc_row_inner][\/vc_tab][vc_tab title=&#8221;Parc National de la Vanoise&#8221; tab_id=&#8221;1519464869-2-91&#8243;][vc_row_inner][vc_column_inner width=&#8221;1\/2&#8243;][uncode_list icon=&#8221;fa fa-angle-right&#8221; icon_color=&#8221;color-wvjs&#8221;]\n<ul>\n<li>Creation : 6 July 1963<\/li>\n<li>Area : 53 300ha<\/li>\n<li>Environment : Mountains<\/li>\n<li>Wildlife : Mountain Goats, marmot, birdlife, &#8230;<\/li>\n<li>Bivouac : forbidden in the park except close to the refuges of la Dent Parrach\u00e9e, du Carro, de la Gli\u00e8re, du Col du Palet, de la Valette, des Lacs Merlets, de l&#8217;Arpont, du Fond des Fours<\/li>\n<li>Main hiking path :\u00a0GR\u00ae5, Via Alpina, Tour de la Grande Casse, Tour des Glaciers de la Vanoise<\/li>\n<li>Link :\u00a0<a href=\"http:\/\/www.vanoise-parcnational.fr\/fr\">http:\/\/www.vanoise-parcnational.fr\/fr<\/a><\/li>\n<\/ul>\n[\/uncode_list][\/vc_column_inner][vc_column_inner width=&#8221;1\/2&#8243;][vc_gallery el_id=&#8221;gallery-152655&#8243; medias=&#8221;59505&#8243; gutter_size=&#8221;3&#8243; media_items=&#8221;media|nolink|original&#8221; screen_lg=&#8221;1000&#8243; screen_md=&#8221;600&#8243; screen_sm=&#8221;480&#8243; single_overlay_opacity=&#8221;50&#8243; single_padding=&#8221;2&#8243;][\/vc_column_inner][\/vc_row_inner][vc_row_inner][vc_column_inner column_width_percent=&#8221;75&#8243; position_horizontal=&#8221;left&#8221; gutter_size=&#8221;3&#8243; overlay_alpha=&#8221;50&#8243; medium_width=&#8221;0&#8243; mobile_width=&#8221;0&#8243; shift_x=&#8221;0&#8243; shift_y=&#8221;0&#8243; shift_y_down=&#8221;0&#8243; z_index=&#8221;0&#8243; width=&#8221;1\/1&#8243;][vc_empty_space empty_h=&#8221;0&#8243;][vc_column_text]If you want to see wildlife you must go to la Vanoise. The Via Alpina and the GR5 offers very beautiful path to long hike. If you wish to day hike you will also find plenty of possibilities. This park is a heaven to walk and all the refuge it owns will allow you to hike lightly.[\/vc_column_text][vc_column_text]<style type=\"text\/css\" id=\"gmpMapStyles_5_48325\">\r\n\t#google_map_easy_5_48325 {\r\n        width: 100%;\r\n        height: 600px;\r\n\t\t\t\t\t\t    }\r\n\t#gmapControlsNum_5_48325 {\r\n\t\twidth:100%\t}\r\n\t.gmpMapDetailsContainer#gmpMapDetailsContainer_5_48325 {\r\n\t\theight:600px;\r\n\t}\r\n\t.gmp_MapPreview#google_map_easy_5_48325 {\r\n\t\t\/*position:absolute;*\/\r\n\t\twidth: 100%;\r\n\t}\r\n\t#mapConElem_5_48325{\r\n\t\twidth: 100%\t}\r\n    .gm-style .gm-style-iw-c{\r\n        padding: 12px!important;\r\n    }\r\n\t    <\/style>\r\n <div class=\"gmp_map_opts\" id=\"mapConElem_5_48325\" data-id=\"5\" data-view-id=\"5_48325\" > <div class=\"gmpMapDetailsContainer\" id=\"gmpMapDetailsContainer_5_48325\"> <i class=\"gmpKMLLayersPreloader fa fa-spinner fa-spin\" aria-hidden=\"true\" style=\"display: none;\"><\/i> <div class=\"gmp_MapPreview \" id=\"google_map_easy_5_48325\"><\/div> <\/div> <div class=\"gmpMapMarkerFilters\" id=\"gmpMapMarkerFilters_5_48325\"> <\/div> <div class=\"gmpMapProControlsCon\" id=\"gmpMapProControlsCon_5_48325\"> <a title=\"WordPress Google Maps\" style=\"display:none;\" href=\"https:\/\/supsystic.com\/plugins\/google-maps-plugin\/?utm_medium=love_link_hide\" target=\"_blank\">WordPress Google Maps<\/a><div style=\"clear: both;\"><\/div> <\/div> <div class=\"gmpMapProDirectionsCon\" id=\"gmpMapProDirectionsCon_5_48325\" > <\/div> <div class=\"gmpMapProKmlFilterCon\" id=\"gmpMapProKmlFilterCon_5_48325\" > <\/div> <div class=\"gmpSocialSharingShell gmpSocialSharingShell_5_48325\"> <\/div> <div style=\"clear: both;\"><\/div> <\/div> [\/vc_column_text][\/vc_column_inner][\/vc_row_inner][\/vc_tab][vc_tab title=&#8221;Parc National des C\u00e9vennes&#8221; tab_id=&#8221;1519480596577-6-2&#8243;][vc_row_inner][vc_column_inner width=&#8221;1\/2&#8243;][uncode_list icon=&#8221;fa fa-angle-right&#8221; icon_color=&#8221;color-wvjs&#8221;]\n<ul>\n<li>Creation : 2 September 1970<\/li>\n<li>Area : 93 500ha<\/li>\n<li>Environment : Mediterranean pastoralism<\/li>\n<li>Wildlife : Otter, beavern, stag, eagle, &#8230;<\/li>\n<li>Bivouac : Allowed from 7pm to 9am an hour far from the park&#8217;s boundaries<\/li>\n<li>Main hikes : Chemin de Stevenson, le Chemin Urbain V, Chemin de Guilhem,&#8230;<\/li>\n<li>Link :\u00a0<a href=\"http:\/\/www.cevennes-parcnational.fr\">http:\/\/www.cevennes-parcnational.fr<\/a><\/li>\n<\/ul>\n[\/uncode_list][\/vc_column_inner][vc_column_inner width=&#8221;1\/2&#8243;][vc_gallery el_id=&#8221;gallery-152655&#8243; medias=&#8221;59535&#8243; gutter_size=&#8221;3&#8243; media_items=&#8221;media|nolink|original&#8221; screen_lg=&#8221;1000&#8243; screen_md=&#8221;600&#8243; screen_sm=&#8221;480&#8243; single_overlay_opacity=&#8221;50&#8243; single_padding=&#8221;2&#8243;][\/vc_column_inner][\/vc_row_inner][vc_row_inner][vc_column_inner column_width_percent=&#8221;75&#8243; position_horizontal=&#8221;left&#8221; gutter_size=&#8221;3&#8243; overlay_alpha=&#8221;50&#8243; medium_width=&#8221;0&#8243; mobile_width=&#8221;0&#8243; shift_x=&#8221;0&#8243; shift_y=&#8221;0&#8243; shift_y_down=&#8221;0&#8243; z_index=&#8221;0&#8243; width=&#8221;1\/1&#8243;][vc_empty_space empty_h=&#8221;0&#8243;][vc_column_text]Biggest park of metropolitan France, C\u00e9vennes offers beautiful landscapes. The well-known &#8220;Chemin e Stevenson&#8221; will bring you toward forests, plains and lonely tableland.[\/vc_column_text][vc_column_text]<style type=\"text\/css\" id=\"gmpMapStyles_6_99979\">\r\n\t#google_map_easy_6_99979 {\r\n        width: 100%;\r\n        height: 600px;\r\n\t\t\t\t\t\t    }\r\n\t#gmapControlsNum_6_99979 {\r\n\t\twidth:100%\t}\r\n\t.gmpMapDetailsContainer#gmpMapDetailsContainer_6_99979 {\r\n\t\theight:600px;\r\n\t}\r\n\t.gmp_MapPreview#google_map_easy_6_99979 {\r\n\t\t\/*position:absolute;*\/\r\n\t\twidth: 100%;\r\n\t}\r\n\t#mapConElem_6_99979{\r\n\t\twidth: 100%\t}\r\n    .gm-style .gm-style-iw-c{\r\n        padding: 12px!important;\r\n    }\r\n\t    <\/style>\r\n <div class=\"gmp_map_opts\" id=\"mapConElem_6_99979\" data-id=\"6\" data-view-id=\"6_99979\" > <div class=\"gmpMapDetailsContainer\" id=\"gmpMapDetailsContainer_6_99979\"> <i class=\"gmpKMLLayersPreloader fa fa-spinner fa-spin\" aria-hidden=\"true\" style=\"display: none;\"><\/i> <div class=\"gmp_MapPreview \" id=\"google_map_easy_6_99979\"><\/div> <\/div> <div class=\"gmpMapMarkerFilters\" id=\"gmpMapMarkerFilters_6_99979\"> <\/div> <div class=\"gmpMapProControlsCon\" id=\"gmpMapProControlsCon_6_99979\"> <a title=\"WordPress Google Maps\" style=\"display:none;\" href=\"https:\/\/supsystic.com\/plugins\/google-maps-plugin\/?utm_medium=love_link_hide\" target=\"_blank\">WordPress Google Maps<\/a><div style=\"clear: both;\"><\/div> <\/div> <div class=\"gmpMapProDirectionsCon\" id=\"gmpMapProDirectionsCon_6_99979\" > <\/div> <div class=\"gmpMapProKmlFilterCon\" id=\"gmpMapProKmlFilterCon_6_99979\" > <\/div> <div class=\"gmpSocialSharingShell gmpSocialSharingShell_6_99979\"> <\/div> <div style=\"clear: both;\"><\/div> <\/div> [\/vc_column_text][\/vc_column_inner][\/vc_row_inner][\/vc_tab][vc_tab title=&#8221;Parc National des Pyr\u00e9n\u00e9es&#8221; tab_id=&#8221;1519480199465-5-8&#8243;][vc_row_inner][vc_column_inner width=&#8221;1\/2&#8243;][uncode_list icon=&#8221;fa fa-angle-right&#8221; icon_color=&#8221;color-wvjs&#8221;]\n<ul>\n<li>Creation : 23 March 1967<\/li>\n<li>Area : 45 700ha<\/li>\n<li>Environment : Mountains<\/li>\n<li>Wildlife :Mountain goats, Marmot, Brown bear, Vulture, Eagle, &#8230;<\/li>\n<li>Bivouac : Allow from 7pm to 9am an hour away from the park boundaries<\/li>\n<li>Main hikes : GR10, HRP, <a href=\"https:\/\/www.summitcairn.com\/traversee-cauteret-gavarnie\/\" target=\"_blank\" rel=\"noopener\">Travers\u00e9e Cauteret Gavarnie<\/a>&#8230;<\/li>\n<li>Link :<a href=\"http:\/\/www.pyrenees-parcnational.fr\/\" target=\"_blank\" rel=\"noopener\">\u00a0http:\/\/www.pyrenees-parcnational.fr\/<\/a><\/li>\n<\/ul>\n[\/uncode_list][\/vc_column_inner][vc_column_inner width=&#8221;1\/2&#8243;][vc_gallery el_id=&#8221;gallery-152655&#8243; medias=&#8221;59545&#8243; gutter_size=&#8221;3&#8243; media_items=&#8221;media|nolink|original&#8221; screen_lg=&#8221;1000&#8243; screen_md=&#8221;600&#8243; screen_sm=&#8221;480&#8243; single_overlay_opacity=&#8221;50&#8243; single_padding=&#8221;2&#8243;][\/vc_column_inner][\/vc_row_inner][vc_row_inner][vc_column_inner column_width_percent=&#8221;75&#8243; position_horizontal=&#8221;left&#8221; gutter_size=&#8221;3&#8243; overlay_alpha=&#8221;50&#8243; medium_width=&#8221;0&#8243; mobile_width=&#8221;0&#8243; shift_x=&#8221;0&#8243; shift_y=&#8221;0&#8243; shift_y_down=&#8221;0&#8243; z_index=&#8221;0&#8243; width=&#8221;1\/1&#8243;][vc_empty_space empty_h=&#8221;0&#8243;][vc_column_text]The Pyrenean mountain range and its 450km offers a wonderful playground if you like hiking and trekking. The most courageous will leave for 40 days from the Atlantic ocean to the Mediterranean sea along the GR10 or the Pyrenean High Route. The National Park is located at the heart of the range, this is a perfect place to watch wildlife.[\/vc_column_text][vc_column_text]<style type=\"text\/css\" id=\"gmpMapStyles_7_64578\">\r\n\t#google_map_easy_7_64578 {\r\n        width: 100%;\r\n        height: 600px;\r\n\t\t\t\t\t\t    }\r\n\t#gmapControlsNum_7_64578 {\r\n\t\twidth:100%\t}\r\n\t.gmpMapDetailsContainer#gmpMapDetailsContainer_7_64578 {\r\n\t\theight:600px;\r\n\t}\r\n\t.gmp_MapPreview#google_map_easy_7_64578 {\r\n\t\t\/*position:absolute;*\/\r\n\t\twidth: 100%;\r\n\t}\r\n\t#mapConElem_7_64578{\r\n\t\twidth: 100%\t}\r\n    .gm-style .gm-style-iw-c{\r\n        padding: 12px!important;\r\n    }\r\n\t    <\/style>\r\n <div class=\"gmp_map_opts\" id=\"mapConElem_7_64578\" data-id=\"7\" data-view-id=\"7_64578\" > <div class=\"gmpMapDetailsContainer\" id=\"gmpMapDetailsContainer_7_64578\"> <i class=\"gmpKMLLayersPreloader fa fa-spinner fa-spin\" aria-hidden=\"true\" style=\"display: none;\"><\/i> <div class=\"gmp_MapPreview \" id=\"google_map_easy_7_64578\"><\/div> <\/div> <div class=\"gmpMapMarkerFilters\" id=\"gmpMapMarkerFilters_7_64578\"> <\/div> <div class=\"gmpMapProControlsCon\" id=\"gmpMapProControlsCon_7_64578\"> <a title=\"WordPress Google Maps\" style=\"display:none;\" href=\"https:\/\/supsystic.com\/plugins\/google-maps-plugin\/?utm_medium=love_link_hide\" target=\"_blank\">WordPress Google Maps<\/a><div style=\"clear: both;\"><\/div> <\/div> <div class=\"gmpMapProDirectionsCon\" id=\"gmpMapProDirectionsCon_7_64578\" > <\/div> <div class=\"gmpMapProKmlFilterCon\" id=\"gmpMapProKmlFilterCon_7_64578\" > <\/div> <div class=\"gmpSocialSharingShell gmpSocialSharingShell_7_64578\"> <\/div> <div style=\"clear: both;\"><\/div> <\/div> [\/vc_column_text][\/vc_column_inner][\/vc_row_inner][\/vc_tab][vc_tab title=&#8221;Parc National des Calanques&#8221; tab_id=&#8221;1519484251469-7-4&#8243;][vc_row_inner][vc_column_inner width=&#8221;1\/2&#8243;][uncode_list icon=&#8221;fa fa-angle-right&#8221; icon_color=&#8221;color-wvjs&#8221;]\n<ul>\n<li>Creation : 18 Avril 2012<\/li>\n<li>Area : 43500ha<\/li>\n<li>Environment : Sea and littoral<\/li>\n<li>Wildlife : Seabirds, Aquatic wildlife as dolphins, whales,&#8230;<\/li>\n<li>Bivouac : Forbidden<\/li>\n<li>Main hikes : GR51<\/li>\n<li>Link :\u00a0<a href=\"http:\/\/www.calanques-parcnational.fr\/\">http:\/\/www.calanques-parcnational.fr\/<\/a><\/li>\n<\/ul>\n[\/uncode_list][\/vc_column_inner][vc_column_inner width=&#8221;1\/2&#8243;][vc_gallery el_id=&#8221;gallery-152655&#8243; medias=&#8221;59547&#8243; gutter_size=&#8221;3&#8243; media_items=&#8221;media|nolink|original&#8221; screen_lg=&#8221;1000&#8243; screen_md=&#8221;600&#8243; screen_sm=&#8221;480&#8243; single_overlay_opacity=&#8221;50&#8243; single_padding=&#8221;2&#8243;][\/vc_column_inner][\/vc_row_inner][vc_row_inner][vc_column_inner column_width_percent=&#8221;75&#8243; position_horizontal=&#8221;left&#8221; gutter_size=&#8221;3&#8243; overlay_alpha=&#8221;50&#8243; medium_width=&#8221;0&#8243; mobile_width=&#8221;0&#8243; shift_x=&#8221;0&#8243; shift_y=&#8221;0&#8243; shift_y_down=&#8221;0&#8243; z_index=&#8221;0&#8243; width=&#8221;1\/1&#8243;][vc_empty_space empty_h=&#8221;0&#8243;][vc_column_text]The Calanques National Park is an awesome place close to Marseille. It takes 30min to reach it by bus from the city center and here you are on absolutely magnificent coves with unreal blue water. There are many hikes to do there. If you like climbing it will be paradise for you as there are many many routes accessible almost all year.[\/vc_column_text][vc_column_text]<style type=\"text\/css\" id=\"gmpMapStyles_8_30642\">\r\n\t#google_map_easy_8_30642 {\r\n        width: 100%;\r\n        height: 600px;\r\n\t\t\t\t\t\t    }\r\n\t#gmapControlsNum_8_30642 {\r\n\t\twidth:100%\t}\r\n\t.gmpMapDetailsContainer#gmpMapDetailsContainer_8_30642 {\r\n\t\theight:600px;\r\n\t}\r\n\t.gmp_MapPreview#google_map_easy_8_30642 {\r\n\t\t\/*position:absolute;*\/\r\n\t\twidth: 100%;\r\n\t}\r\n\t#mapConElem_8_30642{\r\n\t\twidth: 100%\t}\r\n    .gm-style .gm-style-iw-c{\r\n        padding: 12px!important;\r\n    }\r\n\t    <\/style>\r\n <div class=\"gmp_map_opts\" id=\"mapConElem_8_30642\" data-id=\"8\" data-view-id=\"8_30642\" > <div class=\"gmpMapDetailsContainer\" id=\"gmpMapDetailsContainer_8_30642\"> <i class=\"gmpKMLLayersPreloader fa fa-spinner fa-spin\" aria-hidden=\"true\" style=\"display: none;\"><\/i> <div class=\"gmp_MapPreview \" id=\"google_map_easy_8_30642\"><\/div> <\/div> <div class=\"gmpMapMarkerFilters\" id=\"gmpMapMarkerFilters_8_30642\"> <\/div> <div class=\"gmpMapProControlsCon\" id=\"gmpMapProControlsCon_8_30642\"> <a title=\"WordPress Google Maps\" style=\"display:none;\" href=\"https:\/\/supsystic.com\/plugins\/google-maps-plugin\/?utm_medium=love_link_hide\" target=\"_blank\">WordPress Google Maps<\/a><div style=\"clear: both;\"><\/div> <\/div> <div class=\"gmpMapProDirectionsCon\" id=\"gmpMapProDirectionsCon_8_30642\" > <\/div> <div class=\"gmpMapProKmlFilterCon\" id=\"gmpMapProKmlFilterCon_8_30642\" > <\/div> <div class=\"gmpSocialSharingShell gmpSocialSharingShell_8_30642\"> <\/div> <div style=\"clear: both;\"><\/div> <\/div> [\/vc_column_text][\/vc_column_inner][\/vc_row_inner][\/vc_tab][vc_tab title=&#8221;Parc National de Port-Cros&#8221; tab_id=&#8221;1519469099925-2-8&#8243;][vc_row_inner][vc_column_inner width=&#8221;1\/2&#8243;][uncode_list icon=&#8221;fa fa-angle-right&#8221; icon_color=&#8221;color-wvjs&#8221;]\n<ul>\n<li>Creation : 14 D\u00e9cembre 1963<\/li>\n<li>Area : 2950ha seaside + 1671ha on ground<\/li>\n<li>Environment : Sea and Littoral<\/li>\n<li>Wildlife : Dolphin, Whales, Sperm-whales, &#8230;<\/li>\n<li>Bivouac : Forbidden<\/li>\n<li>Main activities : hiking, diving, snorkeling<\/li>\n<li>Link :\u00a0<a href=\"http:\/\/www.portcros-parcnational.fr\">http:\/\/www.portcros-parcnational.fr\/fr<\/a><\/li>\n<\/ul>\n[\/uncode_list][\/vc_column_inner][vc_column_inner width=&#8221;1\/2&#8243;][vc_gallery el_id=&#8221;gallery-152655&#8243; medias=&#8221;59518&#8243; gutter_size=&#8221;3&#8243; media_items=&#8221;media|nolink|original&#8221; screen_lg=&#8221;1000&#8243; screen_md=&#8221;600&#8243; screen_sm=&#8221;480&#8243; single_overlay_opacity=&#8221;50&#8243; single_padding=&#8221;2&#8243;][\/vc_column_inner][\/vc_row_inner][vc_row_inner][vc_column_inner column_width_percent=&#8221;75&#8243; position_horizontal=&#8221;left&#8221; gutter_size=&#8221;3&#8243; overlay_alpha=&#8221;50&#8243; medium_width=&#8221;0&#8243; mobile_width=&#8221;0&#8243; shift_x=&#8221;0&#8243; shift_y=&#8221;0&#8243; shift_y_down=&#8221;0&#8243; z_index=&#8221;0&#8243; width=&#8221;1\/1&#8243;][vc_empty_space empty_h=&#8221;0&#8243;][vc_column_text]A foot on water, the other one on ground, the National Park of Port-Cros is sitting on the south of France sunlight. You can discover this park on foot or on water the both offering wonderful beauty.[\/vc_column_text][vc_column_text]<style type=\"text\/css\" id=\"gmpMapStyles_9_97167\">\r\n\t#google_map_easy_9_97167 {\r\n        width: 100%;\r\n        height: 600px;\r\n\t\t\t\t\t\t    }\r\n\t#gmapControlsNum_9_97167 {\r\n\t\twidth:100%\t}\r\n\t.gmpMapDetailsContainer#gmpMapDetailsContainer_9_97167 {\r\n\t\theight:600px;\r\n\t}\r\n\t.gmp_MapPreview#google_map_easy_9_97167 {\r\n\t\t\/*position:absolute;*\/\r\n\t\twidth: 100%;\r\n\t}\r\n\t#mapConElem_9_97167{\r\n\t\twidth: 100%\t}\r\n    .gm-style .gm-style-iw-c{\r\n        padding: 12px!important;\r\n    }\r\n\t    <\/style>\r\n <div class=\"gmp_map_opts\" id=\"mapConElem_9_97167\" data-id=\"9\" data-view-id=\"9_97167\" > <div class=\"gmpMapDetailsContainer\" id=\"gmpMapDetailsContainer_9_97167\"> <i class=\"gmpKMLLayersPreloader fa fa-spinner fa-spin\" aria-hidden=\"true\" style=\"display: none;\"><\/i> <div class=\"gmp_MapPreview \" id=\"google_map_easy_9_97167\"><\/div> <\/div> <div class=\"gmpMapMarkerFilters\" id=\"gmpMapMarkerFilters_9_97167\"> <\/div> <div class=\"gmpMapProControlsCon\" id=\"gmpMapProControlsCon_9_97167\"> <a title=\"WordPress Google Maps\" style=\"display:none;\" href=\"https:\/\/supsystic.com\/plugins\/google-maps-plugin\/?utm_medium=love_link_hide\" target=\"_blank\">WordPress Google Maps<\/a><div style=\"clear: both;\"><\/div> <\/div> <div class=\"gmpMapProDirectionsCon\" id=\"gmpMapProDirectionsCon_9_97167\" > <\/div> <div class=\"gmpMapProKmlFilterCon\" id=\"gmpMapProKmlFilterCon_9_97167\" > <\/div> <div class=\"gmpSocialSharingShell gmpSocialSharingShell_9_97167\"> <\/div> <div style=\"clear: both;\"><\/div> <\/div> [\/vc_column_text][\/vc_column_inner][\/vc_row_inner][\/vc_tab][vc_tab title=&#8221;Parc National de la R\u00e9union&#8221; tab_id=&#8221;1519469856520-2-7&#8243;][vc_row_inner][vc_column_inner width=&#8221;1\/2&#8243;][uncode_list icon=&#8221;fa fa-angle-right&#8221; icon_color=&#8221;color-wvjs&#8221;]\n<ul>\n<li>Creation : 5 March 2007<\/li>\n<li>Area : 105 447ha<\/li>\n<li>Environment : Plains, Mountains, Volcanism<\/li>\n<li>Wildlife : Mainly local birds<\/li>\n<li>Bivouac : Tolerated<\/li>\n<li>Main hikes : GR-R1, <a href=\"https:\/\/www.summitcairn.com\/traversee-de-reunion\/\" target=\"_blank\" rel=\"noopener\">GR-R2<\/a>, GR-R3, Climbinf of the Piton des Neiges, Hiking in the Piton de la Fournaire caldera, a LOT of short hikes.<\/li>\n<li>Link :\u00a0<a href=\"http:\/\/www.reunion-parcnational.fr\">http:\/\/www.reunion-parcnational.fr<\/a><\/li>\n<\/ul>\n[\/uncode_list][\/vc_column_inner][vc_column_inner width=&#8221;1\/2&#8243;][vc_gallery el_id=&#8221;gallery-152655&#8243; medias=&#8221;59521&#8243; gutter_size=&#8221;3&#8243; media_items=&#8221;media|nolink|original&#8221; screen_lg=&#8221;1000&#8243; screen_md=&#8221;600&#8243; screen_sm=&#8221;480&#8243; single_overlay_opacity=&#8221;50&#8243; single_padding=&#8221;2&#8243;][\/vc_column_inner][\/vc_row_inner][vc_row_inner][vc_column_inner column_width_percent=&#8221;75&#8243; position_horizontal=&#8221;left&#8221; gutter_size=&#8221;3&#8243; overlay_alpha=&#8221;50&#8243; medium_width=&#8221;0&#8243; mobile_width=&#8221;0&#8243; shift_x=&#8221;0&#8243; shift_y=&#8221;0&#8243; shift_y_down=&#8221;0&#8243; z_index=&#8221;0&#8243; width=&#8221;1\/1&#8243;][vc_empty_space empty_h=&#8221;0&#8243;][vc_column_text]R\u00e9union Island is an amazing playground ! Just speaking about hiking, there are kilometers and kilometers of path, enough to hike during a lifespan. The GR-R2 hiking path is one of the most beautiful because it crosses most of the Reunion&#8217;s landscapes and climates. The visit of Mafate &#8220;Circus&#8221; is amazing. You can also easily climb on top of the Indian Ocean with the ascension on the Piton des Neiges and its 3070m. In addition to hiking, you can practice almost all the outdoor sports there and La R\u00e9union has also a very rich culture. If you don&#8217;t know this island you really should visit it you will be enchanted.[\/vc_column_text][vc_column_text]<style type=\"text\/css\" id=\"gmpMapStyles_10_59674\">\r\n\t#google_map_easy_10_59674 {\r\n        width: 100%;\r\n        height: 600px;\r\n\t\t\t\t\t\t    }\r\n\t#gmapControlsNum_10_59674 {\r\n\t\twidth:100%\t}\r\n\t.gmpMapDetailsContainer#gmpMapDetailsContainer_10_59674 {\r\n\t\theight:600px;\r\n\t}\r\n\t.gmp_MapPreview#google_map_easy_10_59674 {\r\n\t\t\/*position:absolute;*\/\r\n\t\twidth: 100%;\r\n\t}\r\n\t#mapConElem_10_59674{\r\n\t\twidth: 100%\t}\r\n    .gm-style .gm-style-iw-c{\r\n        padding: 12px!important;\r\n    }\r\n\t    <\/style>\r\n <div class=\"gmp_map_opts\" id=\"mapConElem_10_59674\" data-id=\"10\" data-view-id=\"10_59674\" > <div class=\"gmpMapDetailsContainer\" id=\"gmpMapDetailsContainer_10_59674\"> <i class=\"gmpKMLLayersPreloader fa fa-spinner fa-spin\" aria-hidden=\"true\" style=\"display: none;\"><\/i> <div class=\"gmp_MapPreview \" id=\"google_map_easy_10_59674\"><\/div> <\/div> <div class=\"gmpMapMarkerFilters\" id=\"gmpMapMarkerFilters_10_59674\"> <\/div> <div class=\"gmpMapProControlsCon\" id=\"gmpMapProControlsCon_10_59674\"> <a title=\"WordPress Google Maps\" style=\"display:none;\" href=\"https:\/\/supsystic.com\/plugins\/google-maps-plugin\/?utm_medium=love_link_hide\" target=\"_blank\">WordPress Google Maps<\/a><div style=\"clear: both;\"><\/div> <\/div> <div class=\"gmpMapProDirectionsCon\" id=\"gmpMapProDirectionsCon_10_59674\" > <\/div> <div class=\"gmpMapProKmlFilterCon\" id=\"gmpMapProKmlFilterCon_10_59674\" > <\/div> <div class=\"gmpSocialSharingShell gmpSocialSharingShell_10_59674\"> <\/div> <div style=\"clear: both;\"><\/div> <\/div> [\/vc_column_text][\/vc_column_inner][\/vc_row_inner][\/vc_tab][vc_tab title=&#8221;Parc Amazonien de Guyane&#8221; tab_id=&#8221;1519485966650-8-7&#8243;][vc_row_inner][vc_column_inner width=&#8221;1\/2&#8243;][uncode_list icon=&#8221;fa fa-angle-right&#8221; icon_color=&#8221;color-wvjs&#8221;]\n<ul>\n<li>Creation : 27 February 2007<\/li>\n<li>Area : 2 millions d&#8217;ha !<\/li>\n<li>Environment : Tropical forest<\/li>\n<li>Wildlife : Jaguar, Giant otter, snakes&#8230;<\/li>\n<li>Bivouac : Forbidden<\/li>\n<li>Link :\u00a0<a href=\"http:\/\/www.parc-amazonien-guyane.fr\/\">http:\/\/www.parc-amazonien-guyane.fr\/<\/a><\/li>\n<\/ul>\n[\/uncode_list][\/vc_column_inner][vc_column_inner width=&#8221;1\/2&#8243;][vc_gallery el_id=&#8221;gallery-152655&#8243; medias=&#8221;59553&#8243; gutter_size=&#8221;3&#8243; media_items=&#8221;media|nolink|original&#8221; screen_lg=&#8221;1000&#8243; screen_md=&#8221;600&#8243; screen_sm=&#8221;480&#8243; single_overlay_opacity=&#8221;50&#8243; single_padding=&#8221;2&#8243;][\/vc_column_inner][\/vc_row_inner][vc_row_inner][vc_column_inner column_width_percent=&#8221;75&#8243; position_horizontal=&#8221;left&#8221; gutter_size=&#8221;3&#8243; overlay_alpha=&#8221;50&#8243; medium_width=&#8221;0&#8243; mobile_width=&#8221;0&#8243; shift_x=&#8221;0&#8243; shift_y=&#8221;0&#8243; shift_y_down=&#8221;0&#8243; z_index=&#8221;0&#8243; width=&#8221;1\/1&#8243;][vc_empty_space empty_h=&#8221;0&#8243;][vc_column_text]With its 2 millions hectares of area, the Amazonian Park of French Guyana is the biggest park in France. Proctecting a huge area with an amazing biodiversity, the park is only accessible by plan or by boat. One of the main mission of this place is to fight against illegal gold extraction. The park is also protecting human cultures as the Teko, the Wayapi or the Apala\u00ef.[\/vc_column_text][vc_column_text]<style type=\"text\/css\" id=\"gmpMapStyles_11_2760\">\r\n\t#google_map_easy_11_2760 {\r\n        width: 100%;\r\n        height: 600px;\r\n\t\t\t\t\t\t    }\r\n\t#gmapControlsNum_11_2760 {\r\n\t\twidth:100%\t}\r\n\t.gmpMapDetailsContainer#gmpMapDetailsContainer_11_2760 {\r\n\t\theight:600px;\r\n\t}\r\n\t.gmp_MapPreview#google_map_easy_11_2760 {\r\n\t\t\/*position:absolute;*\/\r\n\t\twidth: 100%;\r\n\t}\r\n\t#mapConElem_11_2760{\r\n\t\twidth: 100%\t}\r\n    .gm-style .gm-style-iw-c{\r\n        padding: 12px!important;\r\n    }\r\n\t    <\/style>\r\n <div class=\"gmp_map_opts\" id=\"mapConElem_11_2760\" data-id=\"11\" data-view-id=\"11_2760\" > <div class=\"gmpMapDetailsContainer\" id=\"gmpMapDetailsContainer_11_2760\"> <i class=\"gmpKMLLayersPreloader fa fa-spinner fa-spin\" aria-hidden=\"true\" style=\"display: none;\"><\/i> <div class=\"gmp_MapPreview \" id=\"google_map_easy_11_2760\"><\/div> <\/div> <div class=\"gmpMapMarkerFilters\" id=\"gmpMapMarkerFilters_11_2760\"> <\/div> <div class=\"gmpMapProControlsCon\" id=\"gmpMapProControlsCon_11_2760\"> <a title=\"WordPress Google Maps\" style=\"display:none;\" href=\"https:\/\/supsystic.com\/plugins\/google-maps-plugin\/?utm_medium=love_link_hide\" target=\"_blank\">WordPress Google Maps<\/a><div style=\"clear: both;\"><\/div> <\/div> <div class=\"gmpMapProDirectionsCon\" id=\"gmpMapProDirectionsCon_11_2760\" > <\/div> <div class=\"gmpMapProKmlFilterCon\" id=\"gmpMapProKmlFilterCon_11_2760\" > <\/div> <div class=\"gmpSocialSharingShell gmpSocialSharingShell_11_2760\"> <\/div> <div style=\"clear: both;\"><\/div> <\/div> [\/vc_column_text][\/vc_column_inner][\/vc_row_inner][\/vc_tab][vc_tab title=&#8221;Parc National de Guadeloupe&#8221; tab_id=&#8221;1519486828700-9-5&#8243;][vc_row_inner][vc_column_inner width=&#8221;1\/2&#8243;][uncode_list icon=&#8221;fa fa-angle-right&#8221; icon_color=&#8221;color-wvjs&#8221;]\n<ul>\n<li>Creation : 20 February 1989<\/li>\n<li>Area : 3300ha seaside et 18800 ha on ground<\/li>\n<li>Environment : marine and tropical forest<\/li>\n<li>Wildlife : mongoose, dolphins, sperm-whale, turtles,&#8230;<\/li>\n<li>Bivouac : Allow an hour far from the park boudaries<\/li>\n<li>Main hikes : GR G1, Climbing of the Soufri\u00e8re Volcano, &#8230;<\/li>\n<li>Link :\u00a0<a href=\"http:\/\/www.guadeloupe-parcnational.fr\">http:\/\/www.guadeloupe-parcnational.fr<\/a><\/li>\n<\/ul>\n[\/uncode_list][\/vc_column_inner][vc_column_inner width=&#8221;1\/2&#8243;][vc_gallery el_id=&#8221;gallery-152655&#8243; medias=&#8221;59555&#8243; gutter_size=&#8221;3&#8243; media_items=&#8221;media|nolink|original&#8221; screen_lg=&#8221;1000&#8243; screen_md=&#8221;600&#8243; screen_sm=&#8221;480&#8243; single_overlay_opacity=&#8221;50&#8243; single_padding=&#8221;2&#8243;][\/vc_column_inner][\/vc_row_inner][vc_row_inner][vc_column_inner column_width_percent=&#8221;75&#8243; position_horizontal=&#8221;left&#8221; gutter_size=&#8221;3&#8243; overlay_alpha=&#8221;50&#8243; medium_width=&#8221;0&#8243; mobile_width=&#8221;0&#8243; shift_x=&#8221;0&#8243; shift_y=&#8221;0&#8243; shift_y_down=&#8221;0&#8243; z_index=&#8221;0&#8243; width=&#8221;1\/1&#8243;][vc_empty_space empty_h=&#8221;0&#8243;][vc_column_text]The National Park of Guadeloupe is a marine park and a ground one. It has a strong endemic population on both sides. Hiking in this park will make you discovering volcanism but also tropical forest.[\/vc_column_text][vc_column_text]<style type=\"text\/css\" id=\"gmpMapStyles_12_79705\">\r\n\t#google_map_easy_12_79705 {\r\n        width: 100%;\r\n        height: 600px;\r\n\t\t\t\t\t\t    }\r\n\t#gmapControlsNum_12_79705 {\r\n\t\twidth:100%\t}\r\n\t.gmpMapDetailsContainer#gmpMapDetailsContainer_12_79705 {\r\n\t\theight:600px;\r\n\t}\r\n\t.gmp_MapPreview#google_map_easy_12_79705 {\r\n\t\t\/*position:absolute;*\/\r\n\t\twidth: 100%;\r\n\t}\r\n\t#mapConElem_12_79705{\r\n\t\twidth: 100%\t}\r\n    .gm-style .gm-style-iw-c{\r\n        padding: 12px!important;\r\n    }\r\n\t    <\/style>\r\n <div class=\"gmp_map_opts\" id=\"mapConElem_12_79705\" data-id=\"12\" data-view-id=\"12_79705\" > <div class=\"gmpMapDetailsContainer\" id=\"gmpMapDetailsContainer_12_79705\"> <i class=\"gmpKMLLayersPreloader fa fa-spinner fa-spin\" aria-hidden=\"true\" style=\"display: none;\"><\/i> <div class=\"gmp_MapPreview \" id=\"google_map_easy_12_79705\"><\/div> <\/div> <div class=\"gmpMapMarkerFilters\" id=\"gmpMapMarkerFilters_12_79705\"> <\/div> <div class=\"gmpMapProControlsCon\" id=\"gmpMapProControlsCon_12_79705\"> <a title=\"WordPress Google Maps\" style=\"display:none;\" href=\"https:\/\/supsystic.com\/plugins\/google-maps-plugin\/?utm_medium=love_link_hide\" target=\"_blank\">WordPress Google Maps<\/a><div style=\"clear: both;\"><\/div> <\/div> <div class=\"gmpMapProDirectionsCon\" id=\"gmpMapProDirectionsCon_12_79705\" > <\/div> <div class=\"gmpMapProKmlFilterCon\" id=\"gmpMapProKmlFilterCon_12_79705\" > <\/div> <div class=\"gmpSocialSharingShell gmpSocialSharingShell_12_79705\"> <\/div> <div style=\"clear: both;\"><\/div> <\/div> [\/vc_column_text][\/vc_column_inner][\/vc_row_inner][\/vc_tab][vc_tab title=&#8221;PNR du Vercors&#8221; tab_id=&#8221;1519488035510-10-5&#8243;][vc_row_inner][vc_column_inner width=&#8221;1\/2&#8243;][uncode_list icon=&#8221;fa fa-angle-right&#8221; icon_color=&#8221;color-wvjs&#8221;]\n<ul>\n<li>Creation : 16 october 1970<\/li>\n<li>Area : 206 208ha<\/li>\n<li>Environement : Tableland, forest, pastoralism<\/li>\n<li>Wildlife : Mountain goats, wolf, stag,&#8230;<\/li>\n<li>Bivouac : Allowed from 5pm to 9pm<\/li>\n<li>Main hikes : Grande Travers\u00e9e du Vercors (\u00e9t\u00e9 ou hiver)<\/li>\n<li>Link :\u00a0<a href=\"http:\/\/parc-du-vercors.fr\">http:\/\/parc-du-vercors.fr<\/a><\/li>\n<\/ul>\n[\/uncode_list][\/vc_column_inner][vc_column_inner width=&#8221;1\/2&#8243;][vc_gallery el_id=&#8221;gallery-152655&#8243; medias=&#8221;59556&#8243; gutter_size=&#8221;3&#8243; media_items=&#8221;media|nolink|original&#8221; screen_lg=&#8221;1000&#8243; screen_md=&#8221;600&#8243; screen_sm=&#8221;480&#8243; single_width=&#8221;2&#8243; single_overlay_opacity=&#8221;50&#8243; single_padding=&#8221;2&#8243;][\/vc_column_inner][\/vc_row_inner][vc_row_inner][vc_column_inner column_width_percent=&#8221;75&#8243; position_horizontal=&#8221;left&#8221; gutter_size=&#8221;3&#8243; overlay_alpha=&#8221;50&#8243; medium_width=&#8221;0&#8243; mobile_width=&#8221;0&#8243; shift_x=&#8221;0&#8243; shift_y=&#8221;0&#8243; shift_y_down=&#8221;0&#8243; z_index=&#8221;0&#8243; width=&#8221;1\/1&#8243;][vc_empty_space empty_h=&#8221;0&#8243;][vc_column_text]The Hauts Plateaux du Vercors are an exceptional place. I had the chance to discover them on the occasion of my Travers\u00e9e du Vercors. The isolation and the beauty of the landscapes accompany the walker. Water is a rare commodity that needs to be learned to manage and save. Place of French\u00a0 resistance\u00a0during WWII you will find some traces of this sad past. The small towns of Corren\u00e7on-en-Vercors and Villard de Lans are quite nice in any case and represent a good base camp if you want to hike in summer and winter.[\/vc_column_text][vc_column_text]<style type=\"text\/css\" id=\"gmpMapStyles_13_99624\">\r\n\t#google_map_easy_13_99624 {\r\n        width: 100%;\r\n        height: 600px;\r\n\t\t\t\t\t\t    }\r\n\t#gmapControlsNum_13_99624 {\r\n\t\twidth:100%\t}\r\n\t.gmpMapDetailsContainer#gmpMapDetailsContainer_13_99624 {\r\n\t\theight:600px;\r\n\t}\r\n\t.gmp_MapPreview#google_map_easy_13_99624 {\r\n\t\t\/*position:absolute;*\/\r\n\t\twidth: 100%;\r\n\t}\r\n\t#mapConElem_13_99624{\r\n\t\twidth: 100%\t}\r\n    .gm-style .gm-style-iw-c{\r\n        padding: 12px!important;\r\n    }\r\n\t    <\/style>\r\n <div class=\"gmp_map_opts\" id=\"mapConElem_13_99624\" data-id=\"13\" data-view-id=\"13_99624\" > <div class=\"gmpMapDetailsContainer\" id=\"gmpMapDetailsContainer_13_99624\"> <i class=\"gmpKMLLayersPreloader fa fa-spinner fa-spin\" aria-hidden=\"true\" style=\"display: none;\"><\/i> <div class=\"gmp_MapPreview \" id=\"google_map_easy_13_99624\"><\/div> <\/div> <div class=\"gmpMapMarkerFilters\" id=\"gmpMapMarkerFilters_13_99624\"> <\/div> <div class=\"gmpMapProControlsCon\" id=\"gmpMapProControlsCon_13_99624\"> <a title=\"WordPress Google Maps\" style=\"display:none;\" href=\"https:\/\/supsystic.com\/plugins\/google-maps-plugin\/?utm_medium=love_link_hide\" target=\"_blank\">WordPress Google Maps<\/a><div style=\"clear: both;\"><\/div> <\/div> <div class=\"gmpMapProDirectionsCon\" id=\"gmpMapProDirectionsCon_13_99624\" > <\/div> <div class=\"gmpMapProKmlFilterCon\" id=\"gmpMapProKmlFilterCon_13_99624\" > <\/div> <div class=\"gmpSocialSharingShell gmpSocialSharingShell_13_99624\"> <\/div> <div style=\"clear: both;\"><\/div> <\/div> [\/vc_column_text][\/vc_column_inner][\/vc_row_inner][\/vc_tab][vc_tab title=&#8221;PNR du Queyras&#8221; tab_id=&#8221;1519488723843-11-0&#8243;][vc_row_inner][vc_column_inner width=&#8221;1\/2&#8243;][uncode_list icon=&#8221;fa fa-angle-right&#8221; icon_color=&#8221;color-wvjs&#8221;]\n<ul>\n<li>Creation : 31 January 1977<\/li>\n<li>Area : 61474ha<\/li>\n<li>Environment : Mountains<\/li>\n<li>Wildlife : Mountain goat, ibex, wolf, Marmot, raptors&#8230;<\/li>\n<li>Bivouac : allowed from sunset to dawn<\/li>\n<li>Main hike : Tour du Queyras GR58<\/li>\n<li>Link :\u00a0<a href=\"http:\/\/www.pnr-queyras.fr\/\">http:\/\/www.pnr-queyras.fr\/<\/a><\/li>\n<\/ul>\n[\/uncode_list][\/vc_column_inner][vc_column_inner width=&#8221;1\/2&#8243;][vc_gallery el_id=&#8221;gallery-152655&#8243; medias=&#8221;59559&#8243; gutter_size=&#8221;3&#8243; media_items=&#8221;media|nolink|original&#8221; screen_lg=&#8221;1000&#8243; screen_md=&#8221;600&#8243; screen_sm=&#8221;480&#8243; single_width=&#8221;2&#8243; single_overlay_opacity=&#8221;50&#8243; single_padding=&#8221;2&#8243;][\/vc_column_inner][\/vc_row_inner][vc_row_inner][vc_column_inner column_width_percent=&#8221;75&#8243; position_horizontal=&#8221;left&#8221; gutter_size=&#8221;3&#8243; overlay_alpha=&#8221;50&#8243; medium_width=&#8221;0&#8243; mobile_width=&#8221;0&#8243; shift_x=&#8221;0&#8243; shift_y=&#8221;0&#8243; shift_y_down=&#8221;0&#8243; z_index=&#8221;0&#8243; width=&#8221;1\/1&#8243;][vc_empty_space empty_h=&#8221;0&#8243;][vc_column_text]The Queyras is a beautiful park on the Italian border. Its location makes it less popular than others and that&#8217;s good! Few people are met on the paths and one can enjoy the surrounding nature. The GR58 will take you around the massif and you will discover the main landscapes that can be found there.[\/vc_column_text][vc_column_text]<style type=\"text\/css\" id=\"gmpMapStyles_14_552\">\r\n\t#google_map_easy_14_552 {\r\n        width: 100%;\r\n        height: 600px;\r\n\t\t\t\t\t\t    }\r\n\t#gmapControlsNum_14_552 {\r\n\t\twidth:100%\t}\r\n\t.gmpMapDetailsContainer#gmpMapDetailsContainer_14_552 {\r\n\t\theight:600px;\r\n\t}\r\n\t.gmp_MapPreview#google_map_easy_14_552 {\r\n\t\t\/*position:absolute;*\/\r\n\t\twidth: 100%;\r\n\t}\r\n\t#mapConElem_14_552{\r\n\t\twidth: 100%\t}\r\n    .gm-style .gm-style-iw-c{\r\n        padding: 12px!important;\r\n    }\r\n\t    <\/style>\r\n <div class=\"gmp_map_opts\" id=\"mapConElem_14_552\" data-id=\"14\" data-view-id=\"14_552\" > <div class=\"gmpMapDetailsContainer\" id=\"gmpMapDetailsContainer_14_552\"> <i class=\"gmpKMLLayersPreloader fa fa-spinner fa-spin\" aria-hidden=\"true\" style=\"display: none;\"><\/i> <div class=\"gmp_MapPreview \" id=\"google_map_easy_14_552\"><\/div> <\/div> <div class=\"gmpMapMarkerFilters\" id=\"gmpMapMarkerFilters_14_552\"> <\/div> <div class=\"gmpMapProControlsCon\" id=\"gmpMapProControlsCon_14_552\"> <a title=\"WordPress Google Maps\" style=\"display:none;\" href=\"https:\/\/supsystic.com\/plugins\/google-maps-plugin\/?utm_medium=love_link_hide\" target=\"_blank\">WordPress Google Maps<\/a><div style=\"clear: both;\"><\/div> <\/div> <div class=\"gmpMapProDirectionsCon\" id=\"gmpMapProDirectionsCon_14_552\" > <\/div> <div class=\"gmpMapProKmlFilterCon\" id=\"gmpMapProKmlFilterCon_14_552\" > <\/div> <div class=\"gmpSocialSharingShell gmpSocialSharingShell_14_552\"> <\/div> <div style=\"clear: both;\"><\/div> <\/div> [\/vc_column_text][\/vc_column_inner][\/vc_row_inner][\/vc_tab][vc_tab title=&#8221;PNR de Corse&#8221; tab_id=&#8221;1519489270781-12-9&#8243;][vc_row_inner][vc_column_inner width=&#8221;1\/2&#8243;][uncode_list icon=&#8221;fa fa-angle-right&#8221; icon_color=&#8221;color-wvjs&#8221;]\n<ul>\n<li>Creation : 12 May 1972<\/li>\n<li>Area : 375 000ha<\/li>\n<li>Environment : Mountains and littoral<\/li>\n<li>Wildlife: Ibex, wild pig, Donkey, fox,&#8230;<\/li>\n<li>Bivouac : Allow from sunset to sunrise expect along the GR20 (allowed close to some refuges &#8211; not free)<\/li>\n<li>Main hikes : GR20, Mare a mare, Mare \u00e8 Monti,&#8230;<\/li>\n<li>Link :\u00a0<a href=\"http:\/\/www.pnr.corsica\/\">http:\/\/www.pnr.corsica\/<\/a><\/li>\n<\/ul>\n[\/uncode_list][\/vc_column_inner][vc_column_inner width=&#8221;1\/2&#8243;][vc_gallery el_id=&#8221;gallery-152655&#8243; medias=&#8221;59561&#8243; gutter_size=&#8221;3&#8243; media_items=&#8221;media|nolink|original&#8221; screen_lg=&#8221;1000&#8243; screen_md=&#8221;600&#8243; screen_sm=&#8221;480&#8243; single_width=&#8221;2&#8243; single_overlay_opacity=&#8221;50&#8243; single_padding=&#8221;2&#8243;][\/vc_column_inner][\/vc_row_inner][vc_row_inner][vc_column_inner column_width_percent=&#8221;75&#8243; position_horizontal=&#8221;left&#8221; gutter_size=&#8221;3&#8243; overlay_alpha=&#8221;50&#8243; medium_width=&#8221;0&#8243; mobile_width=&#8221;0&#8243; shift_x=&#8221;0&#8243; shift_y=&#8221;0&#8243; shift_y_down=&#8221;0&#8243; z_index=&#8221;0&#8243; width=&#8221;1\/1&#8243;][vc_empty_space empty_h=&#8221;0&#8243;][vc_column_text]The Island of beauty is aptly named! The mountains feet in the water, an exceptional place for hiking. The legendary GR20 is the most worthy representative, but in high season it&#8217;s a bit of a highway. There are, of course, many other paths to explore in order to discover this beautiful country with rich culture and heritage.[\/vc_column_text][vc_column_text]<style type=\"text\/css\" id=\"gmpMapStyles_15_78052\">\r\n\t#google_map_easy_15_78052 {\r\n        width: 100%;\r\n        height: 600px;\r\n\t\t\t\t\t\t    }\r\n\t#gmapControlsNum_15_78052 {\r\n\t\twidth:100%\t}\r\n\t.gmpMapDetailsContainer#gmpMapDetailsContainer_15_78052 {\r\n\t\theight:600px;\r\n\t}\r\n\t.gmp_MapPreview#google_map_easy_15_78052 {\r\n\t\t\/*position:absolute;*\/\r\n\t\twidth: 100%;\r\n\t}\r\n\t#mapConElem_15_78052{\r\n\t\twidth: 100%\t}\r\n    .gm-style .gm-style-iw-c{\r\n        padding: 12px!important;\r\n    }\r\n\t    <\/style>\r\n <div class=\"gmp_map_opts\" id=\"mapConElem_15_78052\" data-id=\"15\" data-view-id=\"15_78052\" > <div class=\"gmpMapDetailsContainer\" id=\"gmpMapDetailsContainer_15_78052\"> <i class=\"gmpKMLLayersPreloader fa fa-spinner fa-spin\" aria-hidden=\"true\" style=\"display: none;\"><\/i> <div class=\"gmp_MapPreview \" id=\"google_map_easy_15_78052\"><\/div> <\/div> <div class=\"gmpMapMarkerFilters\" id=\"gmpMapMarkerFilters_15_78052\"> <\/div> <div class=\"gmpMapProControlsCon\" id=\"gmpMapProControlsCon_15_78052\"> <a title=\"WordPress Google Maps\" style=\"display:none;\" href=\"https:\/\/supsystic.com\/plugins\/google-maps-plugin\/?utm_medium=love_link_hide\" target=\"_blank\">WordPress Google Maps<\/a><div style=\"clear: both;\"><\/div> <\/div> <div class=\"gmpMapProDirectionsCon\" id=\"gmpMapProDirectionsCon_15_78052\" > <\/div> <div class=\"gmpMapProKmlFilterCon\" id=\"gmpMapProKmlFilterCon_15_78052\" > <\/div> <div class=\"gmpSocialSharingShell gmpSocialSharingShell_15_78052\"> <\/div> <div style=\"clear: both;\"><\/div> <\/div> [\/vc_column_text][\/vc_column_inner][\/vc_row_inner][\/vc_tab][vc_tab title=&#8221;PNR du Morvan&#8221; tab_id=&#8221;1520157343924-13-6&#8243;][vc_row_inner][vc_column_inner width=&#8221;1\/2&#8243;][uncode_list icon=&#8221;fa fa-angle-right&#8221; icon_color=&#8221;color-wvjs&#8221;]\n<ul>\n<li>Creation : 16 October 1970<\/li>\n<li>Area : 290 000ha<\/li>\n<li>Environment : Plains, Forests, lakes<\/li>\n<li>Wildlife : Cervidae, Fox, Wild boar, Hermine, Otter, &#8230;<\/li>\n<li>Bivouac : allowed (to be confirmed)<\/li>\n<li>Main hikes : GR13, GRP<\/li>\n<li>Link :\u00a0<a href=\"http:\/\/www.parcdumorvan.org\/\">http:\/\/www.parcdumorvan.org\/<\/a><\/li>\n<\/ul>\n[\/uncode_list][\/vc_column_inner][vc_column_inner width=&#8221;1\/2&#8243;][vc_gallery el_id=&#8221;gallery-152655&#8243; medias=&#8221;59890&#8243; gutter_size=&#8221;3&#8243; media_items=&#8221;media|nolink|original&#8221; screen_lg=&#8221;1000&#8243; screen_md=&#8221;600&#8243; screen_sm=&#8221;480&#8243; single_width=&#8221;2&#8243; single_overlay_opacity=&#8221;50&#8243; single_padding=&#8221;2&#8243;][\/vc_column_inner][\/vc_row_inner][vc_row_inner][vc_column_inner column_width_percent=&#8221;75&#8243; position_horizontal=&#8221;left&#8221; gutter_size=&#8221;3&#8243; overlay_alpha=&#8221;50&#8243; medium_width=&#8221;0&#8243; mobile_width=&#8221;0&#8243; shift_x=&#8221;0&#8243; shift_y=&#8221;0&#8243; shift_y_down=&#8221;0&#8243; z_index=&#8221;0&#8243; width=&#8221;1\/1&#8243;][vc_empty_space empty_h=&#8221;0&#8243;][vc_column_text]The Morvan is an area rich but fragile. This granite massif is covered with groves, forests but also with a vast aquatic system. Hiking can discover this beautiful region through the crossing of the Morvan (GR13) from V\u00e9zelay to Autun. A region to discover just 2h30 from Paris.[\/vc_column_text][vc_column_text]<style type=\"text\/css\" id=\"gmpMapStyles_16_79527\">\r\n\t#google_map_easy_16_79527 {\r\n        width: 100%;\r\n        height: 600px;\r\n\t\t\t\t\t\t    }\r\n\t#gmapControlsNum_16_79527 {\r\n\t\twidth:100%\t}\r\n\t.gmpMapDetailsContainer#gmpMapDetailsContainer_16_79527 {\r\n\t\theight:600px;\r\n\t}\r\n\t.gmp_MapPreview#google_map_easy_16_79527 {\r\n\t\t\/*position:absolute;*\/\r\n\t\twidth: 100%;\r\n\t}\r\n\t#mapConElem_16_79527{\r\n\t\twidth: 100%\t}\r\n    .gm-style .gm-style-iw-c{\r\n        padding: 12px!important;\r\n    }\r\n\t    <\/style>\r\n <div class=\"gmp_map_opts\" id=\"mapConElem_16_79527\" data-id=\"16\" data-view-id=\"16_79527\" > <div class=\"gmpMapDetailsContainer\" id=\"gmpMapDetailsContainer_16_79527\"> <i class=\"gmpKMLLayersPreloader fa fa-spinner fa-spin\" aria-hidden=\"true\" style=\"display: none;\"><\/i> <div class=\"gmp_MapPreview \" id=\"google_map_easy_16_79527\"><\/div> <\/div> <div class=\"gmpMapMarkerFilters\" id=\"gmpMapMarkerFilters_16_79527\"> <\/div> <div class=\"gmpMapProControlsCon\" id=\"gmpMapProControlsCon_16_79527\"> <a title=\"WordPress Google Maps\" style=\"display:none;\" href=\"https:\/\/supsystic.com\/plugins\/google-maps-plugin\/?utm_medium=love_link_hide\" target=\"_blank\">WordPress Google Maps<\/a><div style=\"clear: both;\"><\/div> <\/div> <div class=\"gmpMapProDirectionsCon\" id=\"gmpMapProDirectionsCon_16_79527\" > <\/div> <div class=\"gmpMapProKmlFilterCon\" id=\"gmpMapProKmlFilterCon_16_79527\" > <\/div> <div class=\"gmpSocialSharingShell gmpSocialSharingShell_16_79527\"> <\/div> <div style=\"clear: both;\"><\/div> <\/div> [\/vc_column_text][\/vc_column_inner][\/vc_row_inner][\/vc_tab][vc_tab title=&#8221;PNR du Verdon&#8221; tab_id=&#8221;1520158292428-14-4&#8243;][vc_row_inner][vc_column_inner width=&#8221;1\/2&#8243;][uncode_list icon=&#8221;fa fa-angle-right&#8221; icon_color=&#8221;color-wvjs&#8221;]\n<ul>\n<li>Creation : 3 March 1997<\/li>\n<li>Area : 188 000ha<\/li>\n<li>Environment: Pastoral, Agricultural, Foresters, Canyon<\/li>\n<li>Wildlife : Chamois, Vulture, Deer, Wild boar<\/li>\n<li>Bivouac : Wild camping prohibited in the Canyons &#8211; no details on the bivouac (inquire with the park house)<\/li>\n<li>Main hikes : Sentier de l&#8217;Imbut, GR4<\/li>\n<li>Link :\u00a0<a href=\"http:\/\/parcduverdon.fr\/\">http:\/\/parcduverdon.fr\/<\/a><\/li>\n<\/ul>\n[\/uncode_list][\/vc_column_inner][vc_column_inner width=&#8221;1\/2&#8243;][vc_gallery el_id=&#8221;gallery-152655&#8243; medias=&#8221;59891&#8243; gutter_size=&#8221;3&#8243; media_items=&#8221;media|nolink|original&#8221; screen_lg=&#8221;1000&#8243; screen_md=&#8221;600&#8243; screen_sm=&#8221;480&#8243; single_width=&#8221;2&#8243; single_overlay_opacity=&#8221;50&#8243; single_padding=&#8221;2&#8243;][\/vc_column_inner][\/vc_row_inner][vc_row_inner][vc_column_inner column_width_percent=&#8221;75&#8243; position_horizontal=&#8221;left&#8221; gutter_size=&#8221;3&#8243; overlay_alpha=&#8221;50&#8243; medium_width=&#8221;0&#8243; mobile_width=&#8221;0&#8243; shift_x=&#8221;0&#8243; shift_y=&#8221;0&#8243; shift_y_down=&#8221;0&#8243; z_index=&#8221;0&#8243; width=&#8221;1\/1&#8243;][vc_empty_space empty_h=&#8221;0&#8243;][vc_column_text]The Verdon is well known for its canyon. High place for kayaking and climbing, summer attendance is sometimes difficult to reconcile with the preservation of the environment. Still, these canyons, the highest in Europe, are beautiful and are worth visiting. But the Verdon is also the Plateau du Valensole, the Artuby, the hills of Haut Var, &#8230; as many diverse landscapes to discover and explore on foot.[\/vc_column_text][vc_column_text]<style type=\"text\/css\" id=\"gmpMapStyles_17_86412\">\r\n\t#google_map_easy_17_86412 {\r\n        width: 100%;\r\n        height: 600px;\r\n\t\t\t\t\t\t    }\r\n\t#gmapControlsNum_17_86412 {\r\n\t\twidth:100%\t}\r\n\t.gmpMapDetailsContainer#gmpMapDetailsContainer_17_86412 {\r\n\t\theight:600px;\r\n\t}\r\n\t.gmp_MapPreview#google_map_easy_17_86412 {\r\n\t\t\/*position:absolute;*\/\r\n\t\twidth: 100%;\r\n\t}\r\n\t#mapConElem_17_86412{\r\n\t\twidth: 100%\t}\r\n    .gm-style .gm-style-iw-c{\r\n        padding: 12px!important;\r\n    }\r\n\t    <\/style>\r\n <div class=\"gmp_map_opts\" id=\"mapConElem_17_86412\" data-id=\"17\" data-view-id=\"17_86412\" > <div class=\"gmpMapDetailsContainer\" id=\"gmpMapDetailsContainer_17_86412\"> <i class=\"gmpKMLLayersPreloader fa fa-spinner fa-spin\" aria-hidden=\"true\" style=\"display: none;\"><\/i> <div class=\"gmp_MapPreview \" id=\"google_map_easy_17_86412\"><\/div> <\/div> <div class=\"gmpMapMarkerFilters\" id=\"gmpMapMarkerFilters_17_86412\"> <\/div> <div class=\"gmpMapProControlsCon\" id=\"gmpMapProControlsCon_17_86412\"> <a title=\"WordPress Google Maps\" style=\"display:none;\" href=\"https:\/\/supsystic.com\/plugins\/google-maps-plugin\/?utm_medium=love_link_hide\" target=\"_blank\">WordPress Google Maps<\/a><div style=\"clear: both;\"><\/div> <\/div> <div class=\"gmpMapProDirectionsCon\" id=\"gmpMapProDirectionsCon_17_86412\" > <\/div> <div class=\"gmpMapProKmlFilterCon\" id=\"gmpMapProKmlFilterCon_17_86412\" > <\/div> <div class=\"gmpSocialSharingShell gmpSocialSharingShell_17_86412\"> <\/div> <div style=\"clear: both;\"><\/div> <\/div> [\/vc_column_text][\/vc_column_inner][\/vc_row_inner][\/vc_tab][vc_tab title=&#8221;PNR des Pr\u00e9alpes d&#8217;Azur&#8221; tab_id=&#8221;1520159239053-15-0&#8243;][vc_row_inner][vc_column_inner width=&#8221;1\/2&#8243;][uncode_list icon=&#8221;fa fa-angle-right&#8221; icon_color=&#8221;color-wvjs&#8221;]\n<ul>\n<li>Creation : 28 March 2012<\/li>\n<li>Area : 88 900ha<\/li>\n<li>Environment : Buttress of the Alps, Proven\u00e7al<\/li>\n<li>Wildlife : Chamois, Marmot, &#8230;<\/li>\n<li>Bivouac : Bivouac tolerated from sunset to sunrise (with agreement of the landlord)<\/li>\n<li>Main hikes : GR4, GR51, GR510<\/li>\n<li>Link :\u00a0<a href=\"http:\/\/www.pnr-prealpesdazur.fr\/\">http:\/\/www.pnr-prealpesdazur.fr\/<\/a><\/li>\n<\/ul>\n[\/uncode_list][\/vc_column_inner][vc_column_inner width=&#8221;1\/2&#8243;][vc_gallery el_id=&#8221;gallery-152655&#8243; medias=&#8221;59892&#8243; gutter_size=&#8221;3&#8243; media_items=&#8221;media|nolink|original&#8221; screen_lg=&#8221;1000&#8243; screen_md=&#8221;600&#8243; screen_sm=&#8221;480&#8243; single_width=&#8221;2&#8243; single_overlay_opacity=&#8221;50&#8243; single_padding=&#8221;2&#8243;][\/vc_column_inner][\/vc_row_inner][vc_row_inner][vc_column_inner column_width_percent=&#8221;75&#8243; position_horizontal=&#8221;left&#8221; gutter_size=&#8221;3&#8243; overlay_alpha=&#8221;50&#8243; medium_width=&#8221;0&#8243; mobile_width=&#8221;0&#8243; shift_x=&#8221;0&#8243; shift_y=&#8221;0&#8243; shift_y_down=&#8221;0&#8243; z_index=&#8221;0&#8243; width=&#8221;1\/1&#8243;][vc_empty_space empty_h=&#8221;0&#8243;][vc_column_text]Halfway between sea and mountains, the Regional Natural Park of the Alps is located in the foothills of the Alps. We will find in the landscapes and wildlife, mountain and Mediterranean influences. The flora is of an extreme diversity so that one finds on this territory a third of the French flora. You will be able to discover the Park thanks to beautiful GR like the GR4. Speleology enthusiasts will not be left out because the Prealps hide 140km of accessible underground galleries.[\/vc_column_text][vc_column_text]<style type=\"text\/css\" id=\"gmpMapStyles_18_45979\">\r\n\t#google_map_easy_18_45979 {\r\n        width: 100%;\r\n        height: 600px;\r\n\t\t\t\t\t\t    }\r\n\t#gmapControlsNum_18_45979 {\r\n\t\twidth:100%\t}\r\n\t.gmpMapDetailsContainer#gmpMapDetailsContainer_18_45979 {\r\n\t\theight:600px;\r\n\t}\r\n\t.gmp_MapPreview#google_map_easy_18_45979 {\r\n\t\t\/*position:absolute;*\/\r\n\t\twidth: 100%;\r\n\t}\r\n\t#mapConElem_18_45979{\r\n\t\twidth: 100%\t}\r\n    .gm-style .gm-style-iw-c{\r\n        padding: 12px!important;\r\n    }\r\n\t    <\/style>\r\n <div class=\"gmp_map_opts\" id=\"mapConElem_18_45979\" data-id=\"18\" data-view-id=\"18_45979\" > <div class=\"gmpMapDetailsContainer\" id=\"gmpMapDetailsContainer_18_45979\"> <i class=\"gmpKMLLayersPreloader fa fa-spinner fa-spin\" aria-hidden=\"true\" style=\"display: none;\"><\/i> <div class=\"gmp_MapPreview \" id=\"google_map_easy_18_45979\"><\/div> <\/div> <div class=\"gmpMapMarkerFilters\" id=\"gmpMapMarkerFilters_18_45979\"> <\/div> <div class=\"gmpMapProControlsCon\" id=\"gmpMapProControlsCon_18_45979\"> <a title=\"WordPress Google Maps\" style=\"display:none;\" href=\"https:\/\/supsystic.com\/plugins\/google-maps-plugin\/?utm_medium=love_link_hide\" target=\"_blank\">WordPress Google Maps<\/a><div style=\"clear: both;\"><\/div> <\/div> <div class=\"gmpMapProDirectionsCon\" id=\"gmpMapProDirectionsCon_18_45979\" > <\/div> <div class=\"gmpMapProKmlFilterCon\" id=\"gmpMapProKmlFilterCon_18_45979\" > <\/div> <div class=\"gmpSocialSharingShell gmpSocialSharingShell_18_45979\"> <\/div> <div style=\"clear: both;\"><\/div> <\/div> [\/vc_column_text][\/vc_column_inner][\/vc_row_inner][\/vc_tab][vc_tab title=&#8221;PNR d&#8217;Armorique&#8221; tab_id=&#8221;1520160357802-16-2&#8243;][vc_row_inner][vc_column_inner width=&#8221;1\/2&#8243;][uncode_list icon=&#8221;fa fa-angle-right&#8221; icon_color=&#8221;color-wvjs&#8221;]\n<ul>\n<li>Creation : 30 September 1969<\/li>\n<li>Area : 125 000ha<\/li>\n<li>Environment:Littoral, Islands, plains<\/li>\n<li>Wildlife : a lot of birds<\/li>\n<li>Bivouac : Forbidden almost everywhere<\/li>\n<li>Main hikes : Tour des Monts d&#8217;Arr\u00e9e, Sentier des Douaniers<\/li>\n<li>Link :\u00a0<a href=\"http:\/\/www.pnr-armorique.fr\/\">http:\/\/www.pnr-prealpesdazur.fr\/<\/a><\/li>\n<\/ul>\n[\/uncode_list][\/vc_column_inner][vc_column_inner width=&#8221;1\/2&#8243;][vc_gallery el_id=&#8221;gallery-152655&#8243; medias=&#8221;59893&#8243; gutter_size=&#8221;3&#8243; media_items=&#8221;media|nolink|original&#8221; screen_lg=&#8221;1000&#8243; screen_md=&#8221;600&#8243; screen_sm=&#8221;480&#8243; single_width=&#8221;2&#8243; single_overlay_opacity=&#8221;50&#8243; single_padding=&#8221;2&#8243;][\/vc_column_inner][\/vc_row_inner][vc_row_inner][vc_column_inner column_width_percent=&#8221;75&#8243; position_horizontal=&#8221;left&#8221; gutter_size=&#8221;3&#8243; overlay_alpha=&#8221;50&#8243; medium_width=&#8221;0&#8243; mobile_width=&#8221;0&#8243; shift_x=&#8221;0&#8243; shift_y=&#8221;0&#8243; shift_y_down=&#8221;0&#8243; z_index=&#8221;0&#8243; width=&#8221;1\/1&#8243;][vc_empty_space empty_h=&#8221;0&#8243;][vc_column_text]Second Natural Park to have been created in France, the Regional Natural Park of Armorique offers a surprising diversity of landscapes. Indeed the park covers the islands of the Iroise Sea (Ouessant, Mol\u00e8ne, &#8230;), the Crozon Peninsula and the Arr\u00e9e Mountains. You will discover coastal environments typical of Bretagne but also the remains of an old mountain chain so the summit culminates at 385m nowadays with Roc&#8217;h Ruz. The &#8220;Customs Route&#8221; &#8211; le Chemin des Douaniers (GR34) will take you to the nearest coastal strip. For my part I have a particular affection for the surroundings of Camaret and its superb cliffs.[\/vc_column_text][vc_column_text]<style type=\"text\/css\" id=\"gmpMapStyles_19_46373\">\r\n\t#google_map_easy_19_46373 {\r\n        width: 100%;\r\n        height: 600px;\r\n\t\t\t\t\t\t    }\r\n\t#gmapControlsNum_19_46373 {\r\n\t\twidth:100%\t}\r\n\t.gmpMapDetailsContainer#gmpMapDetailsContainer_19_46373 {\r\n\t\theight:600px;\r\n\t}\r\n\t.gmp_MapPreview#google_map_easy_19_46373 {\r\n\t\t\/*position:absolute;*\/\r\n\t\twidth: 100%;\r\n\t}\r\n\t#mapConElem_19_46373{\r\n\t\twidth: 100%\t}\r\n    .gm-style .gm-style-iw-c{\r\n        padding: 12px!important;\r\n    }\r\n\t    <\/style>\r\n <div class=\"gmp_map_opts\" id=\"mapConElem_19_46373\" data-id=\"19\" data-view-id=\"19_46373\" > <div class=\"gmpMapDetailsContainer\" id=\"gmpMapDetailsContainer_19_46373\"> <i class=\"gmpKMLLayersPreloader fa fa-spinner fa-spin\" aria-hidden=\"true\" style=\"display: none;\"><\/i> <div class=\"gmp_MapPreview \" id=\"google_map_easy_19_46373\"><\/div> <\/div> <div class=\"gmpMapMarkerFilters\" id=\"gmpMapMarkerFilters_19_46373\"> <\/div> <div class=\"gmpMapProControlsCon\" id=\"gmpMapProControlsCon_19_46373\"> <a title=\"WordPress Google Maps\" style=\"display:none;\" href=\"https:\/\/supsystic.com\/plugins\/google-maps-plugin\/?utm_medium=love_link_hide\" target=\"_blank\">WordPress Google Maps<\/a><div style=\"clear: both;\"><\/div> <\/div> <div class=\"gmpMapProDirectionsCon\" id=\"gmpMapProDirectionsCon_19_46373\" > <\/div> <div class=\"gmpMapProKmlFilterCon\" id=\"gmpMapProKmlFilterCon_19_46373\" > <\/div> <div class=\"gmpSocialSharingShell gmpSocialSharingShell_19_46373\"> <\/div> <div style=\"clear: both;\"><\/div> <\/div> [\/vc_column_text][\/vc_column_inner][\/vc_row_inner][\/vc_tab][\/vc_tabs][\/vc_column][\/vc_row][vc_row][vc_column column_width_percent=&#8221;50&#8243; overlay_alpha=&#8221;50&#8243; gutter_size=&#8221;3&#8243; medium_width=&#8221;0&#8243; mobile_width=&#8221;0&#8243; shift_x=&#8221;0&#8243; shift_y=&#8221;0&#8243; shift_y_down=&#8221;0&#8243; z_index=&#8221;0&#8243; width=&#8221;1\/1&#8243;][vc_separator sep_color=&#8221;color-wvjs&#8221; el_height=&#8221;3px&#8221;][vc_column_text]For more informations, you will find below the link to the excellent website of the French National Parks. There you can have more details about the places, the missions of the parks, &#8230; :<a href=\"http:\/\/www.parcsnationaux.fr\/fr\">\u00a0http:\/\/www.parcsnationaux.fr\/fr<\/a><\/p>\n<p>The National Parks are environmental and cutural jewels to protect. Please be extremly careful to take care of these places. Here, some basic rules to apply in most of them :[\/vc_column_text][vc_single_image media=&#8221;59548&#8243; media_width_percent=&#8221;100&#8243;][\/vc_column][\/vc_row][vc_row][vc_column column_width_percent=&#8221;50&#8243; position_vertical=&#8221;middle&#8221; align_horizontal=&#8221;align_center&#8221; overlay_alpha=&#8221;50&#8243; gutter_size=&#8221;3&#8243; medium_width=&#8221;0&#8243; mobile_visibility=&#8221;yes&#8221; mobile_width=&#8221;0&#8243; shift_x=&#8221;0&#8243; shift_y=&#8221;0&#8243; shift_y_down=&#8221;0&#8243; z_index=&#8221;0&#8243; width=&#8221;1\/1&#8243;][vc_custom_heading]Map of the French National Parks and a selection of\u00a0 Regional Parks[\/vc_custom_heading][vc_column_text]<style type=\"text\/css\" id=\"gmpMapStyles_2_2799\">\r\n\t#google_map_easy_2_2799 {\r\n        width: 100%;\r\n        height: 600px;\r\n\t\t\t\t\t\t    }\r\n\t#gmapControlsNum_2_2799 {\r\n\t\twidth:100%\t}\r\n\t.gmpMapDetailsContainer#gmpMapDetailsContainer_2_2799 {\r\n\t\theight:600px;\r\n\t}\r\n\t.gmp_MapPreview#google_map_easy_2_2799 {\r\n\t\t\/*position:absolute;*\/\r\n\t\twidth: 100%;\r\n\t}\r\n\t#mapConElem_2_2799{\r\n\t\twidth: 100%\t}\r\n    .gm-style .gm-style-iw-c{\r\n        padding: 12px!important;\r\n    }\r\n\t    <\/style>\r\n <div class=\"gmp_map_opts\" id=\"mapConElem_2_2799\" data-id=\"2\" data-view-id=\"2_2799\" > <div class=\"gmpMapDetailsContainer\" id=\"gmpMapDetailsContainer_2_2799\"> <i class=\"gmpKMLLayersPreloader fa fa-spinner fa-spin\" aria-hidden=\"true\" style=\"display: none;\"><\/i> <div class=\"gmp_MapPreview \" id=\"google_map_easy_2_2799\"><\/div> <\/div> <div class=\"gmpMapMarkerFilters\" id=\"gmpMapMarkerFilters_2_2799\"> <\/div> <div class=\"gmpMapProControlsCon\" id=\"gmpMapProControlsCon_2_2799\"> <a title=\"WordPress Google Maps\" style=\"display:none;\" href=\"https:\/\/supsystic.com\/plugins\/google-maps-plugin\/?utm_medium=love_link_hide\" target=\"_blank\">WordPress Google Maps<\/a><div style=\"clear: both;\"><\/div> <\/div> <div class=\"gmpMapProDirectionsCon\" id=\"gmpMapProDirectionsCon_2_2799\" > <\/div> <div class=\"gmpMapProKmlFilterCon\" id=\"gmpMapProKmlFilterCon_2_2799\" > <\/div> <div class=\"gmpSocialSharingShell gmpSocialSharingShell_2_2799\"> <\/div> <div style=\"clear: both;\"><\/div> <\/div> [\/vc_column_text][\/vc_column][\/vc_row]\n<\/div>","protected":false},"excerpt":{"rendered":"<p>[vc_row][vc_column column_width_percent=&#8221;60&#8243; overlay_alpha=&#8221;50&#8243; gutter_size=&#8221;3&#8243; medium_width=&#8221;0&#8243; mobile_width=&#8221;0&#8243; shift_x=&#8221;0&#8243; shift_y=&#8221;0&#8243; shift_y_down=&#8221;0&#8243; z_index=&#8221;0&#8243; width=&#8221;1\/1&#8243;][vc_column_text]The current ten French National Parks cover 54 409km\u00b2 of [&hellip;]<\/p>\n","protected":false},"author":1,"featured_media":59054,"comment_status":"open","ping_status":"open","sticky":false,"template":"","format":"standard","meta":{"footnotes":""},"categories":[658],"tags":[811,817],"class_list":["post-59813","post","type-post","status-publish","format-standard","has-post-thumbnail","hentry","category-advices","tag-ecrins-en","tag-parc-naturel-regional-en"],"yoast_head":"<!-- This site is optimized with the Yoast SEO plugin v27.5 - https:\/\/yoast.com\/product\/yoast-seo-wordpress\/ -->\n<title>Parcs Nationaux et Naturels R\u00e9gionaux Fran\u00e7ais - SUMMIT CAIRN<\/title>\n<meta name=\"description\" content=\"Retrouvez les principales informations concernant les Parcs Nationaux et une s\u00e9lection de Parcs Naturels R\u00e9gionaux Fran\u00e7ais. De quoi vous aider ou vous inspirer pour une prochaine randonn\u00e9e.\" \/>\n<meta name=\"robots\" content=\"index, follow, max-snippet:-1, max-image-preview:large, max-video-preview:-1\" \/>\n<link rel=\"canonical\" href=\"https:\/\/www.summitcairn.com\/en\/parcs-naturels-francais\/\" \/>\n<meta property=\"og:locale\" content=\"en_US\" \/>\n<meta property=\"og:type\" content=\"article\" \/>\n<meta property=\"og:title\" content=\"Parcs Nationaux et Naturels R\u00e9gionaux Fran\u00e7ais - SUMMIT CAIRN\" \/>\n<meta property=\"og:description\" content=\"Retrouvez les principales informations concernant les Parcs Nationaux et une s\u00e9lection de Parcs Naturels R\u00e9gionaux Fran\u00e7ais. De quoi vous aider ou vous inspirer pour une prochaine randonn\u00e9e.\" \/>\n<meta property=\"og:url\" content=\"https:\/\/www.summitcairn.com\/en\/parcs-naturels-francais\/\" \/>\n<meta property=\"og:site_name\" content=\"SUMMIT CAIRN\" \/>\n<meta property=\"article:publisher\" content=\"https:\/\/www.facebook.com\/Summitcairn\/\" \/>\n<meta property=\"article:author\" content=\"https:\/\/www.facebook.com\/Summitcairn\/\" \/>\n<meta property=\"article:published_time\" content=\"2018-02-24T16:34:52+00:00\" \/>\n<meta property=\"article:modified_time\" content=\"2018-03-07T20:34:07+00:00\" \/>\n<meta property=\"og:image\" content=\"https:\/\/www.summitcairn.com\/wp-content\/uploads\/2016\/12\/plateau-vercors.jpg\" \/>\n\t<meta property=\"og:image:width\" content=\"1920\" \/>\n\t<meta property=\"og:image:height\" content=\"1281\" \/>\n\t<meta property=\"og:image:type\" content=\"image\/jpeg\" \/>\n<meta name=\"author\" content=\"Summit Cairn\" \/>\n<meta name=\"twitter:label1\" content=\"Written by\" \/>\n\t<meta name=\"twitter:data1\" content=\"Summit Cairn\" \/>\n\t<meta name=\"twitter:label2\" content=\"Est. reading time\" \/>\n\t<meta name=\"twitter:data2\" content=\"21 minutes\" \/>\n<script type=\"application\/ld+json\" class=\"yoast-schema-graph\">{\"@context\":\"https:\\\/\\\/schema.org\",\"@graph\":[{\"@type\":\"Article\",\"@id\":\"https:\\\/\\\/www.summitcairn.com\\\/en\\\/parcs-naturels-francais\\\/#article\",\"isPartOf\":{\"@id\":\"https:\\\/\\\/www.summitcairn.com\\\/en\\\/parcs-naturels-francais\\\/\"},\"author\":{\"name\":\"Summit Cairn\",\"@id\":\"https:\\\/\\\/www.summitcairn.com\\\/en\\\/#\\\/schema\\\/person\\\/a50cadfa2f614bb49668df749b3b3ae3\"},\"headline\":\"French National and Regional Parks\",\"datePublished\":\"2018-02-24T16:34:52+00:00\",\"dateModified\":\"2018-03-07T20:34:07+00:00\",\"mainEntityOfPage\":{\"@id\":\"https:\\\/\\\/www.summitcairn.com\\\/en\\\/parcs-naturels-francais\\\/\"},\"wordCount\":4217,\"commentCount\":0,\"publisher\":{\"@id\":\"https:\\\/\\\/www.summitcairn.com\\\/en\\\/#\\\/schema\\\/person\\\/a50cadfa2f614bb49668df749b3b3ae3\"},\"image\":{\"@id\":\"https:\\\/\\\/www.summitcairn.com\\\/en\\\/parcs-naturels-francais\\\/#primaryimage\"},\"thumbnailUrl\":\"https:\\\/\\\/www.summitcairn.com\\\/wp-content\\\/uploads\\\/2016\\\/12\\\/plateau-vercors.jpg\",\"keywords\":[\"Ecrins\",\"parc naturel r\u00e9gional\"],\"articleSection\":[\"Advices\"],\"inLanguage\":\"en-US\",\"potentialAction\":[{\"@type\":\"CommentAction\",\"name\":\"Comment\",\"target\":[\"https:\\\/\\\/www.summitcairn.com\\\/en\\\/parcs-naturels-francais\\\/#respond\"]}]},{\"@type\":\"WebPage\",\"@id\":\"https:\\\/\\\/www.summitcairn.com\\\/en\\\/parcs-naturels-francais\\\/\",\"url\":\"https:\\\/\\\/www.summitcairn.com\\\/en\\\/parcs-naturels-francais\\\/\",\"name\":\"Parcs Nationaux et Naturels R\u00e9gionaux Fran\u00e7ais - SUMMIT CAIRN\",\"isPartOf\":{\"@id\":\"https:\\\/\\\/www.summitcairn.com\\\/en\\\/#website\"},\"primaryImageOfPage\":{\"@id\":\"https:\\\/\\\/www.summitcairn.com\\\/en\\\/parcs-naturels-francais\\\/#primaryimage\"},\"image\":{\"@id\":\"https:\\\/\\\/www.summitcairn.com\\\/en\\\/parcs-naturels-francais\\\/#primaryimage\"},\"thumbnailUrl\":\"https:\\\/\\\/www.summitcairn.com\\\/wp-content\\\/uploads\\\/2016\\\/12\\\/plateau-vercors.jpg\",\"datePublished\":\"2018-02-24T16:34:52+00:00\",\"dateModified\":\"2018-03-07T20:34:07+00:00\",\"description\":\"Retrouvez les principales informations concernant les Parcs Nationaux et une s\u00e9lection de Parcs Naturels R\u00e9gionaux Fran\u00e7ais. De quoi vous aider ou vous inspirer pour une prochaine randonn\u00e9e.\",\"breadcrumb\":{\"@id\":\"https:\\\/\\\/www.summitcairn.com\\\/en\\\/parcs-naturels-francais\\\/#breadcrumb\"},\"inLanguage\":\"en-US\",\"potentialAction\":[{\"@type\":\"ReadAction\",\"target\":[\"https:\\\/\\\/www.summitcairn.com\\\/en\\\/parcs-naturels-francais\\\/\"]}]},{\"@type\":\"ImageObject\",\"inLanguage\":\"en-US\",\"@id\":\"https:\\\/\\\/www.summitcairn.com\\\/en\\\/parcs-naturels-francais\\\/#primaryimage\",\"url\":\"https:\\\/\\\/www.summitcairn.com\\\/wp-content\\\/uploads\\\/2016\\\/12\\\/plateau-vercors.jpg\",\"contentUrl\":\"https:\\\/\\\/www.summitcairn.com\\\/wp-content\\\/uploads\\\/2016\\\/12\\\/plateau-vercors.jpg\",\"width\":1920,\"height\":1281,\"caption\":\"Les Hauts Plateaux du Vercors\"},{\"@type\":\"BreadcrumbList\",\"@id\":\"https:\\\/\\\/www.summitcairn.com\\\/en\\\/parcs-naturels-francais\\\/#breadcrumb\",\"itemListElement\":[{\"@type\":\"ListItem\",\"position\":1,\"name\":\"Accueil\",\"item\":\"https:\\\/\\\/www.summitcairn.com\\\/en\\\/\"},{\"@type\":\"ListItem\",\"position\":2,\"name\":\"French National and Regional Parks\"}]},{\"@type\":\"WebSite\",\"@id\":\"https:\\\/\\\/www.summitcairn.com\\\/en\\\/#website\",\"url\":\"https:\\\/\\\/www.summitcairn.com\\\/en\\\/\",\"name\":\"SUMMIT CAIRN\",\"description\":\"Treks, voyages et conseils\",\"publisher\":{\"@id\":\"https:\\\/\\\/www.summitcairn.com\\\/en\\\/#\\\/schema\\\/person\\\/a50cadfa2f614bb49668df749b3b3ae3\"},\"potentialAction\":[{\"@type\":\"SearchAction\",\"target\":{\"@type\":\"EntryPoint\",\"urlTemplate\":\"https:\\\/\\\/www.summitcairn.com\\\/en\\\/?s={search_term_string}\"},\"query-input\":{\"@type\":\"PropertyValueSpecification\",\"valueRequired\":true,\"valueName\":\"search_term_string\"}}],\"inLanguage\":\"en-US\"},{\"@type\":[\"Person\",\"Organization\"],\"@id\":\"https:\\\/\\\/www.summitcairn.com\\\/en\\\/#\\\/schema\\\/person\\\/a50cadfa2f614bb49668df749b3b3ae3\",\"name\":\"Summit Cairn\",\"image\":{\"@type\":\"ImageObject\",\"inLanguage\":\"en-US\",\"@id\":\"https:\\\/\\\/secure.gravatar.com\\\/avatar\\\/04be70296f954948f86156bdd65ae5f01aae2feedc85db02e88fcf5676c4ccc9?s=96&d=blank&r=g\",\"url\":\"https:\\\/\\\/secure.gravatar.com\\\/avatar\\\/04be70296f954948f86156bdd65ae5f01aae2feedc85db02e88fcf5676c4ccc9?s=96&d=blank&r=g\",\"contentUrl\":\"https:\\\/\\\/secure.gravatar.com\\\/avatar\\\/04be70296f954948f86156bdd65ae5f01aae2feedc85db02e88fcf5676c4ccc9?s=96&d=blank&r=g\",\"caption\":\"Summit Cairn\"},\"logo\":{\"@id\":\"https:\\\/\\\/secure.gravatar.com\\\/avatar\\\/04be70296f954948f86156bdd65ae5f01aae2feedc85db02e88fcf5676c4ccc9?s=96&d=blank&r=g\"},\"description\":\"Passionn\u00e9 par la montagne et les r\u00e9gions polaires, j\u2019essaie de m\u2019y perdre d\u00e8s que possible\u2026 J\u2019ai commenc\u00e9 la randonn\u00e9e en 2008 \u00e0 Chamonix. Le coup de foudre a \u00e9t\u00e9 imm\u00e9diat, j\u2019ai tout de suite ador\u00e9 cette libert\u00e9 dans les grands espaces et le spectacle qu\u2019offre la montagne. Cette passion s\u2019est ensuite d\u00e9velopp\u00e9e d\u2019avantage avec mon premier \u00ab grand \u00bb trek : le Tour des Annapurnas au N\u00e9pal et de multiples randonn\u00e9es dans les Alpes. J\u2019ai \u00e9galement d\u00e9couvert l\u2019alpinisme gr\u00e2ce auquel on explore une autre facette de la montagne encore plus intime gr\u00e2ce \u00e0 l\u2019engagement qu\u2019il n\u00e9cessite. Ce n\u2019est que r\u00e9cemment que j\u2019ai commenc\u00e9 \u00e0 explorer le (Grand) Nord avec, d\u2019abord, l\u2019Islande puis la Norv\u00e8ge entre le Svalbard et les Lofoten et la Su\u00e8de avec la Kungsleden. Je n\u2019en finis pas d\u2019\u00eatre \u00e9merveill\u00e9 par cette \u00ab r\u00e9gion \u00bb du monde et toutes les possibilit\u00e9s de treks qu\u2019elle r\u00e9serve. La randonn\u00e9e en autonomie est une activit\u00e9 formidable. On \u00e9volue dans les plus beaux paysages qui soit, on prend le temps de savourer, on r\u00e9fl\u00e9chit, on se perd. L\u2019introspection est forte lorsque l\u2019on s\u2019\u00e9vade dans les grands espaces inhumains, c\u2019est le moment de se d\u00e9couvrir et de d\u00e9couvrir ceux qui vous accompagne, comme le dit un proverbe islandais \u00ab l\u2019aiguille de la boussole ne m\u00e8ne qu\u2019\u00e0 soit m\u00eame \u00bb. C\u2019est aussi l\u2019occasion de laisser derri\u00e8re TV, internet et smartphone et de revenir \u00e0 la base : avancer, avoir chaud, se prot\u00e9ger, manger\u2026 Je souhaitais donc partager cette passion, gr\u00e2ce \u00e0 ce blog, au travers de mes carnets mais \u00e9galement gr\u00e2ce \u00e0 ce que j\u2019ai pu apprendre sur le terrain. J\u2019esp\u00e8re que vous trouverez de quoi vous \u00e9vader le temps d\u2019un r\u00e9cit, de quoi vous donner des id\u00e9es pour une prochaine aventure ou les r\u00e9ponses \u00e0 vos questions sur le mat\u00e9riel et la pr\u00e9paration. Alors surtout marchez, courrez, grimpez. \u00c9vadez vous dans les montagnes, dans la nature !\",\"sameAs\":[\"https:\\\/\\\/www.summitcairn.com\",\"https:\\\/\\\/www.facebook.com\\\/Summitcairn\\\/\",\"https:\\\/\\\/instagram.com\\\/summitcairn\"]}]}<\/script>\n<!-- \/ Yoast SEO plugin. -->","yoast_head_json":{"title":"Parcs Nationaux et Naturels R\u00e9gionaux Fran\u00e7ais - SUMMIT CAIRN","description":"Retrouvez les principales informations concernant les Parcs Nationaux et une s\u00e9lection de Parcs Naturels R\u00e9gionaux Fran\u00e7ais. De quoi vous aider ou vous inspirer pour une prochaine randonn\u00e9e.","robots":{"index":"index","follow":"follow","max-snippet":"max-snippet:-1","max-image-preview":"max-image-preview:large","max-video-preview":"max-video-preview:-1"},"canonical":"https:\/\/www.summitcairn.com\/en\/parcs-naturels-francais\/","og_locale":"en_US","og_type":"article","og_title":"Parcs Nationaux et Naturels R\u00e9gionaux Fran\u00e7ais - SUMMIT CAIRN","og_description":"Retrouvez les principales informations concernant les Parcs Nationaux et une s\u00e9lection de Parcs Naturels R\u00e9gionaux Fran\u00e7ais. De quoi vous aider ou vous inspirer pour une prochaine randonn\u00e9e.","og_url":"https:\/\/www.summitcairn.com\/en\/parcs-naturels-francais\/","og_site_name":"SUMMIT CAIRN","article_publisher":"https:\/\/www.facebook.com\/Summitcairn\/","article_author":"https:\/\/www.facebook.com\/Summitcairn\/","article_published_time":"2018-02-24T16:34:52+00:00","article_modified_time":"2018-03-07T20:34:07+00:00","og_image":[{"width":1920,"height":1281,"url":"https:\/\/www.summitcairn.com\/wp-content\/uploads\/2016\/12\/plateau-vercors.jpg","type":"image\/jpeg"}],"author":"Summit Cairn","twitter_misc":{"Written by":"Summit Cairn","Est. reading time":"21 minutes"},"schema":{"@context":"https:\/\/schema.org","@graph":[{"@type":"Article","@id":"https:\/\/www.summitcairn.com\/en\/parcs-naturels-francais\/#article","isPartOf":{"@id":"https:\/\/www.summitcairn.com\/en\/parcs-naturels-francais\/"},"author":{"name":"Summit Cairn","@id":"https:\/\/www.summitcairn.com\/en\/#\/schema\/person\/a50cadfa2f614bb49668df749b3b3ae3"},"headline":"French National and Regional Parks","datePublished":"2018-02-24T16:34:52+00:00","dateModified":"2018-03-07T20:34:07+00:00","mainEntityOfPage":{"@id":"https:\/\/www.summitcairn.com\/en\/parcs-naturels-francais\/"},"wordCount":4217,"commentCount":0,"publisher":{"@id":"https:\/\/www.summitcairn.com\/en\/#\/schema\/person\/a50cadfa2f614bb49668df749b3b3ae3"},"image":{"@id":"https:\/\/www.summitcairn.com\/en\/parcs-naturels-francais\/#primaryimage"},"thumbnailUrl":"https:\/\/www.summitcairn.com\/wp-content\/uploads\/2016\/12\/plateau-vercors.jpg","keywords":["Ecrins","parc naturel r\u00e9gional"],"articleSection":["Advices"],"inLanguage":"en-US","potentialAction":[{"@type":"CommentAction","name":"Comment","target":["https:\/\/www.summitcairn.com\/en\/parcs-naturels-francais\/#respond"]}]},{"@type":"WebPage","@id":"https:\/\/www.summitcairn.com\/en\/parcs-naturels-francais\/","url":"https:\/\/www.summitcairn.com\/en\/parcs-naturels-francais\/","name":"Parcs Nationaux et Naturels R\u00e9gionaux Fran\u00e7ais - SUMMIT CAIRN","isPartOf":{"@id":"https:\/\/www.summitcairn.com\/en\/#website"},"primaryImageOfPage":{"@id":"https:\/\/www.summitcairn.com\/en\/parcs-naturels-francais\/#primaryimage"},"image":{"@id":"https:\/\/www.summitcairn.com\/en\/parcs-naturels-francais\/#primaryimage"},"thumbnailUrl":"https:\/\/www.summitcairn.com\/wp-content\/uploads\/2016\/12\/plateau-vercors.jpg","datePublished":"2018-02-24T16:34:52+00:00","dateModified":"2018-03-07T20:34:07+00:00","description":"Retrouvez les principales informations concernant les Parcs Nationaux et une s\u00e9lection de Parcs Naturels R\u00e9gionaux Fran\u00e7ais. De quoi vous aider ou vous inspirer pour une prochaine randonn\u00e9e.","breadcrumb":{"@id":"https:\/\/www.summitcairn.com\/en\/parcs-naturels-francais\/#breadcrumb"},"inLanguage":"en-US","potentialAction":[{"@type":"ReadAction","target":["https:\/\/www.summitcairn.com\/en\/parcs-naturels-francais\/"]}]},{"@type":"ImageObject","inLanguage":"en-US","@id":"https:\/\/www.summitcairn.com\/en\/parcs-naturels-francais\/#primaryimage","url":"https:\/\/www.summitcairn.com\/wp-content\/uploads\/2016\/12\/plateau-vercors.jpg","contentUrl":"https:\/\/www.summitcairn.com\/wp-content\/uploads\/2016\/12\/plateau-vercors.jpg","width":1920,"height":1281,"caption":"Les Hauts Plateaux du Vercors"},{"@type":"BreadcrumbList","@id":"https:\/\/www.summitcairn.com\/en\/parcs-naturels-francais\/#breadcrumb","itemListElement":[{"@type":"ListItem","position":1,"name":"Accueil","item":"https:\/\/www.summitcairn.com\/en\/"},{"@type":"ListItem","position":2,"name":"French National and Regional Parks"}]},{"@type":"WebSite","@id":"https:\/\/www.summitcairn.com\/en\/#website","url":"https:\/\/www.summitcairn.com\/en\/","name":"SUMMIT CAIRN","description":"Treks, voyages et conseils","publisher":{"@id":"https:\/\/www.summitcairn.com\/en\/#\/schema\/person\/a50cadfa2f614bb49668df749b3b3ae3"},"potentialAction":[{"@type":"SearchAction","target":{"@type":"EntryPoint","urlTemplate":"https:\/\/www.summitcairn.com\/en\/?s={search_term_string}"},"query-input":{"@type":"PropertyValueSpecification","valueRequired":true,"valueName":"search_term_string"}}],"inLanguage":"en-US"},{"@type":["Person","Organization"],"@id":"https:\/\/www.summitcairn.com\/en\/#\/schema\/person\/a50cadfa2f614bb49668df749b3b3ae3","name":"Summit Cairn","image":{"@type":"ImageObject","inLanguage":"en-US","@id":"https:\/\/secure.gravatar.com\/avatar\/04be70296f954948f86156bdd65ae5f01aae2feedc85db02e88fcf5676c4ccc9?s=96&d=blank&r=g","url":"https:\/\/secure.gravatar.com\/avatar\/04be70296f954948f86156bdd65ae5f01aae2feedc85db02e88fcf5676c4ccc9?s=96&d=blank&r=g","contentUrl":"https:\/\/secure.gravatar.com\/avatar\/04be70296f954948f86156bdd65ae5f01aae2feedc85db02e88fcf5676c4ccc9?s=96&d=blank&r=g","caption":"Summit Cairn"},"logo":{"@id":"https:\/\/secure.gravatar.com\/avatar\/04be70296f954948f86156bdd65ae5f01aae2feedc85db02e88fcf5676c4ccc9?s=96&d=blank&r=g"},"description":"Passionn\u00e9 par la montagne et les r\u00e9gions polaires, j\u2019essaie de m\u2019y perdre d\u00e8s que possible\u2026 J\u2019ai commenc\u00e9 la randonn\u00e9e en 2008 \u00e0 Chamonix. Le coup de foudre a \u00e9t\u00e9 imm\u00e9diat, j\u2019ai tout de suite ador\u00e9 cette libert\u00e9 dans les grands espaces et le spectacle qu\u2019offre la montagne. Cette passion s\u2019est ensuite d\u00e9velopp\u00e9e d\u2019avantage avec mon premier \u00ab grand \u00bb trek : le Tour des Annapurnas au N\u00e9pal et de multiples randonn\u00e9es dans les Alpes. J\u2019ai \u00e9galement d\u00e9couvert l\u2019alpinisme gr\u00e2ce auquel on explore une autre facette de la montagne encore plus intime gr\u00e2ce \u00e0 l\u2019engagement qu\u2019il n\u00e9cessite. Ce n\u2019est que r\u00e9cemment que j\u2019ai commenc\u00e9 \u00e0 explorer le (Grand) Nord avec, d\u2019abord, l\u2019Islande puis la Norv\u00e8ge entre le Svalbard et les Lofoten et la Su\u00e8de avec la Kungsleden. Je n\u2019en finis pas d\u2019\u00eatre \u00e9merveill\u00e9 par cette \u00ab r\u00e9gion \u00bb du monde et toutes les possibilit\u00e9s de treks qu\u2019elle r\u00e9serve. La randonn\u00e9e en autonomie est une activit\u00e9 formidable. On \u00e9volue dans les plus beaux paysages qui soit, on prend le temps de savourer, on r\u00e9fl\u00e9chit, on se perd. L\u2019introspection est forte lorsque l\u2019on s\u2019\u00e9vade dans les grands espaces inhumains, c\u2019est le moment de se d\u00e9couvrir et de d\u00e9couvrir ceux qui vous accompagne, comme le dit un proverbe islandais \u00ab l\u2019aiguille de la boussole ne m\u00e8ne qu\u2019\u00e0 soit m\u00eame \u00bb. C\u2019est aussi l\u2019occasion de laisser derri\u00e8re TV, internet et smartphone et de revenir \u00e0 la base : avancer, avoir chaud, se prot\u00e9ger, manger\u2026 Je souhaitais donc partager cette passion, gr\u00e2ce \u00e0 ce blog, au travers de mes carnets mais \u00e9galement gr\u00e2ce \u00e0 ce que j\u2019ai pu apprendre sur le terrain. J\u2019esp\u00e8re que vous trouverez de quoi vous \u00e9vader le temps d\u2019un r\u00e9cit, de quoi vous donner des id\u00e9es pour une prochaine aventure ou les r\u00e9ponses \u00e0 vos questions sur le mat\u00e9riel et la pr\u00e9paration. Alors surtout marchez, courrez, grimpez. \u00c9vadez vous dans les montagnes, dans la nature !","sameAs":["https:\/\/www.summitcairn.com","https:\/\/www.facebook.com\/Summitcairn\/","https:\/\/instagram.com\/summitcairn"]}]}},"_links":{"self":[{"href":"https:\/\/www.summitcairn.com\/en\/wp-json\/wp\/v2\/posts\/59813","targetHints":{"allow":["GET"]}}],"collection":[{"href":"https:\/\/www.summitcairn.com\/en\/wp-json\/wp\/v2\/posts"}],"about":[{"href":"https:\/\/www.summitcairn.com\/en\/wp-json\/wp\/v2\/types\/post"}],"author":[{"embeddable":true,"href":"https:\/\/www.summitcairn.com\/en\/wp-json\/wp\/v2\/users\/1"}],"replies":[{"embeddable":true,"href":"https:\/\/www.summitcairn.com\/en\/wp-json\/wp\/v2\/comments?post=59813"}],"version-history":[{"count":0,"href":"https:\/\/www.summitcairn.com\/en\/wp-json\/wp\/v2\/posts\/59813\/revisions"}],"wp:featuredmedia":[{"embeddable":true,"href":"https:\/\/www.summitcairn.com\/en\/wp-json\/wp\/v2\/media\/59054"}],"wp:attachment":[{"href":"https:\/\/www.summitcairn.com\/en\/wp-json\/wp\/v2\/media?parent=59813"}],"wp:term":[{"taxonomy":"category","embeddable":true,"href":"https:\/\/www.summitcairn.com\/en\/wp-json\/wp\/v2\/categories?post=59813"},{"taxonomy":"post_tag","embeddable":true,"href":"https:\/\/www.summitcairn.com\/en\/wp-json\/wp\/v2\/tags?post=59813"}],"curies":[{"name":"wp","href":"https:\/\/api.w.org\/{rel}","templated":true}]}}