{"id":63184,"date":"2017-01-06T23:27:26","date_gmt":"2017-01-06T22:27:26","guid":{"rendered":"https:\/\/www.summitcairn.com\/muzelle-lauvitel\/"},"modified":"2020-03-10T14:52:44","modified_gmt":"2020-03-10T13:52:44","slug":"muzelle-lauvitel","status":"publish","type":"post","link":"https:\/\/www.summitcairn.com\/en\/muzelle-lauvitel\/","title":{"rendered":"Between La Muzelle and Lauvitel"},"content":{"rendered":"<div class=\"wpb-content-wrapper\">[vc_row row_height_percent=&#8221;0&#8243; back_color=&#8221;color-rgdb&#8221; overlay_alpha=&#8221;50&#8243; gutter_size=&#8221;3&#8243; column_width_percent=&#8221;100&#8243; shift_y=&#8221;0&#8243; z_index=&#8221;0&#8243;][vc_column column_width_percent=&#8221;60&#8243; position_vertical=&#8221;middle&#8221; align_horizontal=&#8221;align_center&#8221; gutter_size=&#8221;3&#8243; style=&#8221;dark&#8221; font_family=&#8221;font-232988&#8243; overlay_alpha=&#8221;50&#8243; shift_x=&#8221;0&#8243; shift_y=&#8221;0&#8243; shift_y_down=&#8221;0&#8243; z_index=&#8221;0&#8243; medium_width=&#8221;0&#8243; mobile_width=&#8221;0&#8243; width=&#8221;1\/6&#8243;][vc_pie value=&#8221;85&#8243; label_value=&#8221;Interest&#8221; arc_width=&#8221;10&#8243; bar_color=&#8221;color-xsdn&#8221;][\/vc_column][vc_column column_width_percent=&#8221;100&#8243; position_vertical=&#8221;middle&#8221; align_horizontal=&#8221;align_center&#8221; gutter_size=&#8221;3&#8243; style=&#8221;dark&#8221; font_family=&#8221;font-232988&#8243; overlay_alpha=&#8221;50&#8243; shift_x=&#8221;0&#8243; shift_y=&#8221;0&#8243; shift_y_down=&#8221;0&#8243; z_index=&#8221;0&#8243; medium_width=&#8221;0&#8243; mobile_width=&#8221;0&#8243; width=&#8221;1\/6&#8243;][uncode_counter value=&#8221;3&#8243; text=&#8221;hiking&#8221; suffix=&#8221;days&#8221;][\/vc_column][vc_column column_width_percent=&#8221;100&#8243; position_vertical=&#8221;middle&#8221; align_horizontal=&#8221;align_center&#8221; gutter_size=&#8221;3&#8243; style=&#8221;dark&#8221; font_family=&#8221;font-232988&#8243; overlay_alpha=&#8221;50&#8243; shift_x=&#8221;0&#8243; shift_y=&#8221;0&#8243; shift_y_down=&#8221;0&#8243; z_index=&#8221;0&#8243; medium_width=&#8221;0&#8243; mobile_width=&#8221;0&#8243; width=&#8221;1\/6&#8243;][uncode_counter value=&#8221;18&#8243; text=&#8221;walked&#8221; suffix=&#8221;km&#8221;][\/vc_column][vc_column column_width_percent=&#8221;100&#8243; position_vertical=&#8221;middle&#8221; align_horizontal=&#8221;align_center&#8221; gutter_size=&#8221;3&#8243; style=&#8221;dark&#8221; font_family=&#8221;font-232988&#8243; overlay_alpha=&#8221;50&#8243; shift_x=&#8221;0&#8243; shift_y=&#8221;0&#8243; shift_y_down=&#8221;0&#8243; z_index=&#8221;0&#8243; medium_width=&#8221;0&#8243; mobile_width=&#8221;0&#8243; width=&#8221;1\/6&#8243;][uncode_counter value=&#8221;1800&#8243; text=&#8221;D+&#8221; suffix=&#8221;m&#8221;][\/vc_column][vc_column column_width_percent=&#8221;100&#8243; position_vertical=&#8221;middle&#8221; align_horizontal=&#8221;align_center&#8221; gutter_size=&#8221;3&#8243; style=&#8221;dark&#8221; font_family=&#8221;font-232988&#8243; overlay_alpha=&#8221;50&#8243; shift_x=&#8221;0&#8243; shift_y=&#8221;0&#8243; shift_y_down=&#8221;0&#8243; z_index=&#8221;0&#8243; medium_width=&#8221;0&#8243; mobile_width=&#8221;0&#8243; width=&#8221;1\/6&#8243;][uncode_counter value=&#8221;2&#8243; suffix=&#8221;lakes&#8221;][\/vc_column][vc_column column_width_percent=&#8221;100&#8243; position_vertical=&#8221;middle&#8221; align_horizontal=&#8221;align_center&#8221; gutter_size=&#8221;3&#8243; style=&#8221;dark&#8221; font_family=&#8221;font-232988&#8243; overlay_alpha=&#8221;50&#8243; shift_x=&#8221;0&#8243; shift_y=&#8221;0&#8243; shift_y_down=&#8221;0&#8243; z_index=&#8221;0&#8243; medium_width=&#8221;0&#8243; mobile_width=&#8221;0&#8243; width=&#8221;1\/6&#8243;][vc_pie value=&#8221;60&#8243; label_value=&#8221;Difficulty&#8221; arc_width=&#8221;10&#8243; bar_color=&#8221;color-xsdn&#8221;][\/vc_column][\/vc_row][vc_row row_height_percent=&#8221;0&#8243; overlay_alpha=&#8221;50&#8243; gutter_size=&#8221;3&#8243; shift_y=&#8221;0&#8243;][vc_column column_width_percent=&#8221;60&#8243; gutter_size=&#8221;3&#8243; overlay_alpha=&#8221;50&#8243; shift_x=&#8221;0&#8243; shift_y=&#8221;0&#8243; z_index=&#8221;0&#8243; medium_width=&#8221;0&#8243; width=&#8221;1\/1&#8243;][vc_column_text]We were looking for a hike of a few days with the possibility of bivouac and in particular near lakes. I already knew the Ecrins National Park and more particularly the B\u00e9rarde. I have wanted to go back for some time. It is therefore by searching in this massif that we found these two lakes: the Muzelle perched at 2105m overlooked by the Roche de la Muzelle (3465m) and the Lauvitel located at 1530m, surrounded by impressive walls. It was decided: we will spend a few days in autonomy between these lakes between June 18 and 22, 2015.[\/vc_column_text][\/vc_column][\/vc_row][vc_row unlock_row_content=&#8221;yes&#8221; row_height_percent=&#8221;0&#8243; overlay_alpha=&#8221;50&#8243; gutter_size=&#8221;3&#8243; shift_y=&#8221;0&#8243;][vc_column column_width_percent=&#8221;60&#8243; position_vertical=&#8221;middle&#8221; align_horizontal=&#8221;align_center&#8221; gutter_size=&#8221;3&#8243; override_padding=&#8221;yes&#8221; column_padding=&#8221;1&#8243; overlay_alpha=&#8221;50&#8243; shift_x=&#8221;0&#8243; shift_y=&#8221;0&#8243; z_index=&#8221;0&#8243; medium_width=&#8221;0&#8243; width=&#8221;1\/1&#8243;][vc_column_text]\n<p style=\"text-align: center;\">\r\n\t\t<div id=\"wpgpxmaps_63184_2114808\" class=\"wpgpxmaps\">\r\n\t\t\t<div id=\"map_63184_2114808_cont\" style=\"width:100%; height:450px;position:relative\" >\r\n\t\t\t\t<div id=\"map_63184_2114808\" style=\"width:100%; height:450px\"><\/div>\r\n\t\t\t\t<div id=\"wpgpxmaps_63184_2114808_osm_footer\" class=\"wpgpxmaps_osm_footer\" style=\"display:none;\"><span> &copy; <a href=\"http:\/\/www.openstreetmap.org\/copyright\">OpenStreetMap<\/a> contributors<\/span><\/div>\r\n\t\t\t<\/div>\r\n\t\t\t<canvas id=\"myChart_63184_2114808\" class=\"plot\" style=\"width:100%; height:200px\"><\/canvas>\r\n\t\t\t<div id=\"ngimages_63184_2114808\" class=\"ngimages\" style=\"display:none\"><\/div>\r\n\t\t\t<div id=\"report_63184_2114808\" class=\"report\"><\/div>\r\n\t\t<\/div>\r\n\t\t\r\n\t\t<script type=\"text\/javascript\">\r\n\r\n\t\t\tjQuery(document).ready(function() {\r\n\r\n\t\t\t\tjQuery( \"#wpgpxmaps_63184_2114808\" ).wpgpxmaps( {\r\n\t\t\t\t\ttargetId           : \"63184_2114808\",\r\n\t\t\t\t\tmapType            : \"HYBRID\",\r\n\t\t\t\t\tmapData            : [[44.9676200,6.1552400],[44.9669500,6.1549900],[44.9665900,6.1546900],[44.9665600,6.1540400],[44.9669800,6.1531000],[44.9672600,6.1527400],[44.9676800,6.1525500],[44.9682000,6.1521600],[44.9685300,6.1519500],[44.9685600,6.1515000],[44.9679700,6.1515600],[44.9668900,6.1514100],[44.9667200,6.1508300],[44.9660700,6.1508100],[44.9656300,6.1503400],[44.9651900,6.1500400],[44.9648900,6.1492200],[44.9648000,6.1489700],[44.9651900,6.1484500],[44.9651300,6.1479200],[44.9653000,6.1476600],[44.9649500,6.1470100],[44.9656000,6.1472300],[44.9662800,6.1473400],[44.9666900,6.1471000],[44.9670000,6.1468000],[44.9670000,6.1462600],[44.9673600,6.1457100],[44.9675700,6.1454500],[44.9673900,6.1449100],[44.9672100,6.1445700],[44.9672100,6.1442700],[44.9676700,6.1435800],[44.9676800,6.1427400],[44.9676300,6.1420600],[44.9673800,6.1411600],[44.9671300,6.1403800],[44.9673900,6.1402100],[44.9673800,6.1399100],[44.9672700,6.1396100],[44.9668600,6.1394000],[44.9662700,6.1389500],[44.9658900,6.1384700],[44.9657200,6.1381300],[44.9653000,6.1380500],[44.9650200,6.1379200],[44.9646300,6.1377700],[44.9643400,6.1376600],[44.9640400,6.1372300],[44.9635500,6.1366900],[44.9632500,6.1360900],[44.9632200,6.1353400],[44.9629900,6.1347600],[44.9627900,6.1342000],[44.9627200,6.1335000],[44.9625800,6.1330200],[44.9622900,6.1323600],[44.9617300,6.1309600],[44.9612000,6.1298900],[44.9606400,6.1285800],[44.9602700,6.1281100],[44.9591600,6.1272100],[44.9583300,6.1263700],[44.9578700,6.1257300],[44.9571900,6.1245900],[44.9567500,6.1235200],[44.9561100,6.1225500],[44.9555300,6.1220600],[44.9548200,6.1215900],[44.9542700,6.1212400],[44.9541500,6.1205600],[44.9535900,6.1200900],[44.9529500,6.1195900],[44.9522800,6.1188800],[44.9517100,6.1183000],[44.9511000,6.1178100],[44.9511300,6.1173800],[44.9513900,6.1167800],[44.9517400,6.1164400],[44.9522400,6.1162200],[44.9526200,6.1161200],[44.9531800,6.1155800],[44.9538500,6.1151700],[44.9543600,6.1149100],[44.9545500,6.1145100],[44.9544000,6.1140800],[44.9540300,6.1139300],[44.9535900,6.1137100],[44.9532300,6.1132400],[44.9535100,6.1126800],[44.9541500,6.1122100],[44.9550000,6.1118200],[44.9556900,6.1114800],[44.9561000,6.1112200],[44.9564400,6.1107100],[44.9570400,6.1101300],[44.9574900,6.1097900],[44.9579000,6.1094400],[44.9582400,6.1091200],[44.9581200,6.1087800],[44.9576300,6.1087800],[44.9573000,6.1088600],[44.9569900,6.1084600],[44.9564600,6.1084100],[44.9556400,6.1082800],[44.9552100,6.1080500],[44.9549100,6.1076600],[44.9549100,6.1070600],[44.9550600,6.1060700],[44.9550600,6.1053000],[44.9551200,6.1041400],[44.9553800,6.1025300],[44.9554000,6.1019300],[44.9553700,6.1011600],[44.9554600,6.1006900],[44.9559300,6.0999100],[44.9560700,6.0991000],[44.9550500,6.0981800],[44.9548500,6.0976400],[44.9539900,6.0972300],[44.9533200,6.0973800],[44.9527600,6.0970600],[44.9523900,6.0966100],[44.9517500,6.0958000],[44.9516200,6.0952200],[44.9512500,6.0954300],[44.9510200,6.0951300],[44.9507400,6.0945900],[44.9507500,6.0939500],[44.9509300,6.0934300],[44.9513400,6.0932400],[44.9513300,6.0925100],[44.9513400,6.0914800],[44.9515700,6.0906200],[44.9521000,6.0901700],[44.9524700,6.0897400],[44.9523600,6.0896600],[44.9531300,6.0887600],[44.9529100,6.0886300],[44.9530300,6.0884800],[44.9528600,6.0880100],[44.9528100,6.0874800],[44.9530500,6.0868400],[44.9533400,6.0864200],[44.9535700,6.0863500],[44.9538300,6.0860500],[44.9539900,6.0858300],[44.9543900,6.0854400],[44.9545000,6.0853000],[44.9542600,6.0851900],[44.9544800,6.0851000],[44.9544000,6.0850000],[44.9545300,6.0849300],[44.9544400,6.0848000],[44.9545600,6.0847000],[44.9544300,6.0846400],[44.9545800,6.0845800],[44.9544000,6.0844100],[44.9546500,6.0843900],[44.9544100,6.0841700],[44.9546600,6.0841400],[44.9544600,6.0838900],[44.9546700,6.0839400],[44.9544400,6.0835200],[44.9547500,6.0835900],[44.9545000,6.0831900],[44.9548700,6.0832300],[44.9544600,6.0827400],[44.9549200,6.0827800],[44.9549300,6.0825500],[44.9548600,6.0823900],[44.9548000,6.0821200],[44.9550300,6.0820300],[44.9545200,6.0815100],[44.9544500,6.0813900],[44.9546200,6.0810500],[44.9544000,6.0807700],[44.9556100,6.0803500],[44.9570500,6.0807500],[44.9578000,6.0809900],[44.9583700,6.0807500],[44.9587200,6.0802400],[44.9590400,6.0800200],[44.9590600,6.0796400],[44.9593300,6.0796800],[44.9593600,6.0792700],[44.9590300,6.0786900],[44.9593600,6.0779400],[44.9601200,6.0776200],[44.9609100,6.0776000],[44.9622300,6.0777900],[44.9626100,6.0774100],[44.9630000,6.0772300],[44.9636100,6.0773800],[44.9637900,6.0770800],[44.9639000,6.0766300],[44.9637600,6.0763100],[44.9638700,6.0758800],[44.9642800,6.0756900],[44.9641600,6.0754700],[44.9644000,6.0752200],[44.9641400,6.0746400],[44.9640500,6.0741900],[44.9641300,6.0737400],[44.9648700,6.0738700],[44.9651100,6.0737600],[44.9650800,6.0733900],[44.9653100,6.0730700],[44.9659200,6.0727700],[44.9663000,6.0728100],[44.9669100,6.0728800],[44.9673800,6.0724700],[44.9672200,6.0720000],[44.9669400,6.0718700],[44.9671300,6.0716100],[44.9669200,6.0712700],[44.9671500,6.0712500],[44.9672600,6.0706900],[44.9667800,6.0703000],[44.9668500,6.0700000],[44.9672400,6.0700500],[44.9671900,6.0698100],[44.9674800,6.0697900],[44.9677600,6.0703500],[44.9681200,6.0711200],[44.9684400,6.0708800],[44.9688600,6.0706700],[44.9692600,6.0709900],[44.9698100,6.0713500],[44.9701900,6.0716300],[44.9705500,6.0720600],[44.9712900,6.0721900],[44.9708100,6.0716800],[44.9709600,6.0716100],[44.9707500,6.0711400],[44.9713500,6.0714400],[44.9711100,6.0703900],[44.9718900,6.0709000],[44.9723300,6.0705000],[44.9726700,6.0702800],[44.9730400,6.0696200],[44.9728300,6.0693800],[44.9723700,6.0691900],[44.9719600,6.0690200],[44.9718200,6.0685400],[44.9715100,6.0681600],[44.9712300,6.0680900],[44.9710700,6.0676400],[44.9707300,6.0679400],[44.9709300,6.0677600],[44.9711800,6.0678200],[44.9713700,6.0681200],[44.9716300,6.0683400],[44.9718700,6.0687100],[44.9720600,6.0690900],[44.9722600,6.0690800],[44.9727200,6.0692700],[44.9729700,6.0694300],[44.9735900,6.0698300],[44.9745900,6.0710300],[44.9746600,6.0714600],[44.9745900,6.0718500],[44.9750600,6.0718500],[44.9753900,6.0715500],[44.9757000,6.0717600],[44.9759800,6.0715500],[44.9762700,6.0716100],[44.9765800,6.0708600],[44.9771100,6.0706500],[44.9771500,6.0714800],[44.9772700,6.0712000],[44.9774400,6.0715300],[44.9778200,6.0706700],[44.9781500,6.0717200],[44.9784400,6.0715100],[44.9784400,6.0717400],[44.9787300,6.0717000],[44.9789300,6.0720400],[44.9792300,6.0722300],[44.9791300,6.0725100],[44.9798400,6.0721900],[44.9801400,6.0721100],[44.9806400,6.0721500],[44.9812700,6.0723800],[44.9819500,6.0731800],[44.9828600,6.0738900],[44.9833300,6.0746200],[44.9841600,6.0748700],[44.9847100,6.0753000],[44.9854700,6.0755600],[44.9864700,6.0755800],[44.9869600,6.0755800],[44.9873700,6.0761200],[44.9879300,6.0768300],[44.9883800,6.0770600],[44.9884600,6.0774900],[44.9885100,6.0781800],[44.9887900,6.0789500],[44.9892000,6.0794000],[44.9900700,6.0798300],[44.9907500,6.0798100],[44.9911300,6.0795100],[44.9916000,6.0807500],[44.9919400,6.0803500],[44.9921300,6.0791700],[44.9925000,6.0795900],[44.9926300,6.0784600],[44.9929500,6.0790400],[44.9931500,6.0802000],[44.9931600,6.0809200],[44.9934200,6.0812700]],\r\n\t\t\t\t\tgraphDist          : [0.00,77.04,123.89,175.60,263.73,306.24,355.43,421.49,461.73,504.63,573.66,702.07,770.94,844.56,912.39,968.23,1044.71,1067.85,1134.14,1182.70,1217.58,1283.56,1360.51,1440.60,1497.32,1543.21,1595.21,1671.85,1708.77,1764.49,1801.53,1832.46,1922.80,1997.11,2080.70,2173.40,2242.63,2277.83,2303.11,2332.27,2383.32,2458.18,2515.90,2553.76,2601.92,2634.69,2680.02,2713.77,2763.89,2833.84,2891.71,2955.12,3007.66,3057.81,3116.58,3157.72,3218.97,3350.22,3455.09,3576.82,3632.28,3775.94,3891.18,3963.51,4083.65,4182.65,4290.94,4370.12,4464.42,4535.64,4590.93,4665.54,4750.59,4851.15,4938.00,5017.25,5053.65,5123.13,5179.07,5242.43,5287.94,5368.70,5455.95,5520.46,5560.53,5598.46,5641.82,5693.75,5750.26,5807.45,5893.07,5996.85,6081.85,6136.43,6196.16,6282.72,6340.50,6393.76,6440.06,6471.00,6526.22,6563.65,6613.32,6673.58,6765.75,6816.86,6862.36,6909.94,6989.69,7050.30,7141.83,7272.21,7319.56,7380.43,7418.74,7499.39,7564.98,7699.81,7747.76,7848.98,7924.81,7993.21,8047.71,8143.25,8191.12,8235.49,8270.29,8323.04,8374.04,8420.28,8468.51,8526.51,8612.25,8692.18,8760.94,8814.24,8832.49,8943.70,8974.16,8992.08,9041.07,9088.55,9147.22,9194.68,9221.31,9259.11,9284.89,9340.46,9358.35,9386.84,9412.79,9425.67,9441.64,9457.16,9473.43,9488.77,9506.56,9531.36,9559.48,9592.05,9620.39,9650.88,9674.64,9718.40,9753.66,9797.32,9840.02,9901.33,9955.64,9979.17,9995.54,10021.84,10051.84,10121.93,10134.17,10167.30,10200.21,10339.65,10506.51,10593.67,10663.36,10724.58,10767.26,10799.93,10830.52,10866.25,10925.64,11001.32,11096.55,11188.74,11336.65,11388.40,11434.01,11502.85,11533.79,11571.24,11600.83,11636.80,11684.77,11860.13,11893.28,11956.05,11993.70,12031.29,12117.32,12152.36,12181.65,12223.22,12301.43,12343.79,12421.72,12483.13,12524.15,12556.91,12586.31,12621.81,12647.43,12693.14,12754.69,12779.54,12823.08,12842.75,12875.03,12928.97,13001.56,13166.55,13234.83,13294.08,13361.53,13409.68,13462.12,13556.44,13623.27,13645.12,13690.20,13763.46,13857.42,13954.13,14018.25,14061.51,14129.21,14159.29,14212.66,14260.33,14301.94,14347.65,14379.32,14420.18,14466.07,14493.35,14521.54,14553.60,14587.28,14627.08,14664.02,14686.62,14739.90,14770.56,14846.35,14992.67,15028.07,15059.77,15114.13,15158.48,15199.18,15236.40,15273.16,15341.93,15408.42,15475.32,15501.15,15536.58,15617.22,15713.08,15751.91,15770.11,15805.01,15842.50,15882.00,15906.67,15992.38,16028.06,16087.93,16163.53,16263.70,16384.73,16465.68,16562.56,16633.45,16722.65,16836.61,16891.99,16954.36,17038.12,17091.78,17126.79,17181.37,17249.80,17307.81,17413.77,17490.67,17539.88,17651.50,17702.36,17797.59,17852.17,17942.45,18000.83,18095.23,18152.28,18192.24],\r\n\t\t\t\t\tgraphEle           : [1189.00,1190.00,1196.00,1203.00,1214.00,1220.00,1216.00,1225.00,1226.00,1250.00,1271.00,1315.00,1363.00,1377.00,1406.00,1419.00,1443.00,1450.00,1479.00,1503.00,1524.00,1539.00,1559.00,1584.00,1612.00,1631.00,1661.00,1710.00,1730.00,1760.00,1776.00,1796.00,1847.00,1881.00,1945.00,1998.00,2014.00,2029.00,2038.00,2050.00,2066.00,2073.00,2084.00,2103.00,2093.00,2093.00,2087.00,2082.00,2098.00,2109.00,2112.00,2135.00,2140.00,2149.00,2168.00,2173.00,2177.00,2212.00,2233.00,2251.00,2255.00,2275.00,2295.00,2304.00,2330.00,2348.00,2377.00,2402.00,2438.00,2462.00,2466.00,2484.00,2509.00,2547.00,2585.00,2599.00,2586.00,2544.00,2514.00,2489.00,2474.00,2445.00,2413.00,2390.00,2377.00,2381.00,2388.00,2386.00,2371.00,2352.00,2322.00,2292.00,2267.00,2245.00,2222.00,2191.00,2180.00,2179.00,2188.00,2180.00,2171.00,2167.00,2150.00,2138.00,2129.00,2129.00,2125.00,2119.00,2115.00,2117.00,2119.00,2130.00,2133.00,2138.00,2138.00,2135.00,2135.00,2144.00,2144.00,2136.00,2128.00,2115.00,2110.00,2108.00,2108.00,2106.00,2106.00,2109.00,2117.00,2125.00,2120.00,2128.00,2156.00,2190.00,2192.00,2190.00,2202.00,2207.00,2222.00,2224.00,2250.00,2272.00,2286.00,2297.00,2292.00,2298.00,2305.00,2318.00,2325.00,2330.00,2335.00,2340.00,2344.00,2350.00,2355.00,2357.00,2361.00,2367.00,2371.00,2378.00,2383.00,2390.00,2392.00,2405.00,2410.00,2422.00,2433.00,2447.00,2465.00,2480.00,2487.00,2501.00,2515.00,2520.00,2520.00,2525.00,2525.00,2509.00,2474.00,2457.00,2435.00,2410.00,2394.00,2381.00,2376.00,2361.00,2351.00,2321.00,2285.00,2257.00,2246.00,2246.00,2246.00,2246.00,2246.00,2246.00,2246.00,2246.00,2246.00,2072.00,2072.00,2040.00,2032.00,2023.00,2000.00,1979.00,1979.00,1958.00,1927.00,1927.00,1889.00,1889.00,1889.00,1889.00,1889.00,1889.00,1889.00,1889.00,1889.00,1889.00,1889.00,1889.00,1889.00,1889.00,1889.00,1729.00,1682.00,1712.00,1709.00,1702.00,1700.00,1655.00,1658.00,1645.00,1634.00,1615.00,1579.00,1564.00,1537.00,1525.00,1511.00,1509.00,1506.00,1510.00,1502.00,1499.00,1501.00,1491.00,1502.00,1495.00,1495.00,1500.00,1500.00,1505.00,1510.00,1506.00,1506.00,1509.00,1511.00,1499.00,1492.00,1490.00,1475.00,1467.00,1453.00,1441.00,1424.00,1416.00,1390.00,1376.00,1374.00,1359.00,1347.00,1315.00,1301.00,1299.00,1286.00,1272.00,1257.00,1257.00,1235.00,1224.00,1202.00,1180.00,1161.00,1125.00,1102.00,1080.00,1068.00,1048.00,1023.00,1013.00,1010.00,1005.00,998.00,1000.00,998.00,991.00,985.00,958.00,944.00,935.00,920.00,907.00,903.00,889.00,882.00,874.00,864.00,857.00,859.00],\r\n\t\t\t\t\tgraphSpeed         : [],\r\n\t\t\t\t\tgraphHr            : [],\r\n\t\t\t\t\tgraphAtemp         : [],\r\n\t\t\t\t\tgraphCad           : [],\r\n\t\t\t\t\tgraphGrade         : [],\r\n\t\t\t\t\twaypoints          : [],\r\n\t\t\t\t\tunit               : \"0\",\r\n\t\t\t\t\tunitspeed          : \"0\",\r\n\t\t\t\t\tcolor1             : [\"#3366cc\"],\r\n\t\t\t\t\tcolor2             : \"#3366cc\",\r\n\t\t\t\t\tcolor3             : \"#ff0000\",\r\n\t\t\t\t\tcolor4             : \"#ff77bd\",\r\n\t\t\t\t\tcolor5             : \"#beecff\",\r\n\t\t\t\t\tcolor6             : \"#beecff\",\r\n\t\t\t\t\tcolor7             : \"#ff77bd\",\r\n\t\t\t\t\tchartFrom1         : \"\",\r\n\t\t\t\t\tchartTo1           : \"\",\r\n\t\t\t\t\tchartFrom2         : \"\",\r\n\t\t\t\t\tchartTo2           : \"\",\r\n\t\t\t\t\tstartIcon          : \"\",\r\n\t\t\t\t\tendIcon            : \"\",\r\n\t\t\t\t\tcurrentIcon        : \"\",\r\n\t\t\t\t\twaypointIcon       : \"\",\r\n\t\t\t\t\tcurrentpositioncon : \"\",\r\n\t\t\t\t\tusegpsposition     : \"\",\r\n\t\t\t\t\tzoomOnScrollWheel  : \"\",\r\n\t\t\t\t\tngGalleries        : [],\r\n\t\t\t\t\tngImages           : [],\r\n\t\t\t\t\tpluginUrl          : \"https:\/\/www.summitcairn.com\/wp-content\/plugins\",\r\n\t\t\t\t\tTFApiKey           : \"d3298aebb94e4542b77813d855f10595\",\r\n\t\t\t\t\tMapBoxApiKey           : \"\",\r\n\t\t\t\t\tlangs              : {\r\n\t\t\t\t\t\taltitude        : \"Altitude\",\r\n\t\t\t\t\t\tcurrentPosition : \"Current position\",\r\n\t\t\t\t\t\tspeed           : \"Speed\",\r\n\t\t\t\t\t\tgrade           : \"Grade\",\r\n\t\t\t\t\t\theartRate       : \"Heart rate\",\r\n\t\t\t\t\t\tatemp           : \"Temperature\",\r\n\t\t\t\t\t\tcadence         : \"Cadence\",\r\n\t\t\t\t\t\tgoFullScreen    : \"Go full screen\",\r\n\t\t\t\t\t\texitFullFcreen  : \"Exit full screen\",\r\n\t\t\t\t\t\thideImages      : \"Hide images\",\r\n\t\t\t\t\t\tshowImages      : \"Show images\",\r\n\t\t\t\t\t\tbackToCenter\t: \"Back to center\"\r\n\t\t\t\t\t}\r\n\t\t\t\t});\r\n\r\n\t\t\t});\r\n\r\n\t\t<\/script>Download file: <a href='https:\/\/www.summitcairn.com\/en\/\/wp-content\/uploads\/gpx\/Muzelle-Lauvitel.gpx' target='_new' download>Muzelle-Lauvitel.gpx<\/a>\n[\/vc_column_text][\/vc_column][\/vc_row][vc_row unlock_row_content=&#8221;yes&#8221; row_height_percent=&#8221;0&#8243; overlay_alpha=&#8221;50&#8243; gutter_size=&#8221;3&#8243; shift_y=&#8221;0&#8243;][vc_column column_width_percent=&#8221;100&#8243; position_horizontal=&#8221;right&#8221; align_horizontal=&#8221;align_center&#8221; gutter_size=&#8221;3&#8243; overlay_alpha=&#8221;50&#8243; shift_x=&#8221;0&#8243; shift_y=&#8221;0&#8243; z_index=&#8221;0&#8243; medium_width=&#8221;0&#8243; width=&#8221;1\/4&#8243;][vc_single_image media=&#8221;54567&#8243; caption=&#8221;yes&#8221; media_width_use_pixel=&#8221;yes&#8221; alignment=&#8221;center&#8221; media_width_pixel=&#8221;100&#8243;][\/vc_column][vc_column column_width_percent=&#8221;70&#8243; position_horizontal=&#8221;left&#8221; gutter_size=&#8221;3&#8243; overlay_alpha=&#8221;50&#8243; shift_x=&#8221;0&#8243; shift_y=&#8221;0&#8243; z_index=&#8221;0&#8243; medium_width=&#8221;0&#8243; width=&#8221;3\/4&#8243;][vc_column_text]\n<blockquote><p>The Ecrins National Park is a French National Park located in the Alps near Grenoble and extending largely over the Massif des Ecrins. It was created in March 27, 1973.<\/p>\n<p>Covering an area of 918km\u00b2, the park culminates at the top of the Barre des Ecrins at 4102m.<\/p>\n<p>For more information:<a href=\"http:\/\/www.ecrins-parcnational.fr\/le-parc-national\"> http:\/\/www.ecrins-parcnational.fr\/le-parc-national<\/a><\/p><\/blockquote>\n[\/vc_column_text][\/vc_column][\/vc_row][vc_row][vc_column width=&#8221;1\/1&#8243;][vc_separator][vc_custom_heading]First day &#8211; Ascent to Lac de la Muzelle (2105m)[\/vc_custom_heading][\/vc_column][\/vc_row][vc_row][vc_column column_width_percent=&#8221;60&#8243; gutter_size=&#8221;3&#8243; overlay_alpha=&#8221;50&#8243; shift_x=&#8221;0&#8243; shift_y=&#8221;0&#8243; z_index=&#8221;0&#8243; medium_width=&#8221;0&#8243; width=&#8221;1\/1&#8243;][vc_column_text]We arrived the day before in the Massif des Ecrins. We spent the night at the charming Plan du Lac g\u00eete between V\u00e9nosc and St Christophe en Oisans.<\/p>\n<p>The ascent to Lake Muzelle is generally made from Bourd d&#8217;Arud following a portion of the GR54 (also find our Tour des Ecrins and Oisans along the GR54 &#8211; Link). We decided not to follow the usual path and past by the C\u00eeme du Pied de Barry. This little-used path (we will meet absolutely no one until arriving at the Muzelle refuge) starts behind the Plan du Lac g\u00eete, not far from the Pisse waterfall and climbs up to 2637m at Cime du Pied of Barry before going back down on the Muzelle. It offers superb views of the Ecrins and offers a passage over a pretty wide ridge which remains aerial.<\/p>\n<p>We left the cottage without rushing around 8:45 am. The day starts very quickly because we meet a chamois right next to the waterfall. The weather is good and the forecasts are good. Everything comes together for a great day.<\/p>\n<p>The hike begins directly on a steep slope which leads us to Lanchatra, a tiny hilltop village, little or not inhabited. Once above the village the slope remains steep but the view over the valley becomes clear. By cons we begin to be invaded by flies. This will remain a constant throughout this day and on the following (slightly attenuated): dozens of flies that turn around your head and a lot of horseflies &#8230;<\/p>\n<p>This part of the path becomes even steeper, you have to use your hands a lot. The evolution is almost vertical because after almost one or two hours of walking you are still in sight of the lodging below. After a good elevation (600m?), The path begins to follow the ridge. We are in full alpine stage while in bloom in June.<\/p>\n<blockquote><p>Possible variant: a variant to consider is &#8220;climbing&#8221; the summit of the Bell (2328m)<\/p><\/blockquote>\n[\/vc_column_text][\/vc_column][\/vc_row][vc_row unlock_row_content=&#8221;yes&#8221; row_height_percent=&#8221;50&#8243; overlay_alpha=&#8221;50&#8243; gutter_size=&#8221;3&#8243; shift_y=&#8221;0&#8243;][vc_column column_width_percent=&#8221;70&#8243; position_vertical=&#8221;middle&#8221; align_horizontal=&#8221;align_center&#8221; gutter_size=&#8221;3&#8243; overlay_alpha=&#8221;50&#8243; shift_x=&#8221;0&#8243; shift_y=&#8221;0&#8243; shift_y_down=&#8221;0&#8243; z_index=&#8221;0&#8243; medium_width=&#8221;0&#8243; mobile_width=&#8221;0&#8243; width=&#8221;1\/1&#8243;][vc_gallery el_id=&#8221;gallery-124158&#8243; medias=&#8221;54593,54595,54594&#8243; style_preset=&#8221;metro&#8221; gutter_size=&#8221;1&#8243; media_items=&#8221;media|lightbox|original&#8221; screen_lg=&#8221;1000&#8243; screen_md=&#8221;600&#8243; screen_sm=&#8221;480&#8243; single_overlay_opacity=&#8221;50&#8243; single_padding=&#8221;2&#8243; lbox_caption=&#8221;yes&#8221; lbox_social=&#8221;yes&#8221; items=&#8221;e30=&#8221;][\/vc_column][\/vc_row][vc_row][vc_column column_width_percent=&#8221;60&#8243; gutter_size=&#8221;3&#8243; overlay_alpha=&#8221;50&#8243; shift_x=&#8221;0&#8243; shift_y=&#8221;0&#8243; z_index=&#8221;0&#8243; medium_width=&#8221;0&#8243; width=&#8221;1\/1&#8243;][vc_column_text]After the Col de la Cl\u00f4che we land for lunch. Attacks by flies spoil the moment a bit and I get bitten by a horsefly &#8230; We leave in the direction of the famous ridge; it is a very beautiful passage which does not present a risk if you pay attention but which gives a beautiful aerial impression. We have already been leaving for 2-3 hours, we have and we will not meet anyone, we are in the heart of the Ecrins, &#8230; everything is fine.[\/vc_column_text][\/vc_column][\/vc_row][vc_row unlock_row_content=&#8221;yes&#8221; row_height_percent=&#8221;0&#8243; overlay_alpha=&#8221;50&#8243; gutter_size=&#8221;3&#8243; shift_y=&#8221;0&#8243;][vc_column column_width_percent=&#8221;70&#8243; align_horizontal=&#8221;align_center&#8221; gutter_size=&#8221;3&#8243; overlay_alpha=&#8221;50&#8243; shift_x=&#8221;0&#8243; shift_y=&#8221;0&#8243; shift_y_down=&#8221;0&#8243; z_index=&#8221;0&#8243; medium_width=&#8221;0&#8243; mobile_width=&#8221;0&#8243; width=&#8221;1\/1&#8243;][vc_gallery el_id=&#8221;gallery-190674&#8243; medias=&#8221;54608,54609,54610,54546&#8243; style_preset=&#8221;metro&#8221; gutter_size=&#8221;1&#8243; media_items=&#8221;media|lightbox|original&#8221; screen_lg=&#8221;1000&#8243; screen_md=&#8221;600&#8243; screen_sm=&#8221;480&#8243; single_width=&#8221;6&#8243; single_overlay_opacity=&#8221;50&#8243; single_padding=&#8221;2&#8243; lbox_caption=&#8221;yes&#8221; lbox_social=&#8221;yes&#8221;][\/vc_column][\/vc_row][vc_row][vc_column column_width_percent=&#8221;60&#8243; gutter_size=&#8221;3&#8243; overlay_alpha=&#8221;50&#8243; shift_x=&#8221;0&#8243; shift_y=&#8221;0&#8243; z_index=&#8221;0&#8243; medium_width=&#8221;0&#8243; width=&#8221;1\/1&#8243;][vc_column_text]The climb resume again after this beautiful passage. We will meet a small flock of sheep grazing peacefully and happily for us not guarded by a dog. We finally arrive below the C\u00eeme du Pied de Barry. The path almost disappears here and branches off to the right (towards the ONO) to attack a relatively steep descent with no visible trace. We will take advantage of the view just before this part by having a coffee (we had the Mocca &#8230;) facing the Massif.<\/p>\n<p>The descent although tiring because it evolves in a fairly chaotic grassy terrain also offers us a spectacle of spring flowers and marmots. We join the path below, not far from what seems to be a ruin (an old sheepfold may be) to go to the refuge which is not very far away. On the way we pass not far from one of the last bogs of the Ecrins, extremely fragile environments. It is only there, after almost that we meet people and not just anyone: the refuge keeper and a person from the team who goes up to open for the weekend.[\/vc_column_text][\/vc_column][\/vc_row][vc_row][vc_column column_width_percent=&#8221;70&#8243; gutter_size=&#8221;3&#8243; overlay_alpha=&#8221;50&#8243; shift_x=&#8221;0&#8243; shift_y=&#8221;0&#8243; shift_y_down=&#8221;0&#8243; z_index=&#8221;0&#8243; medium_width=&#8221;0&#8243; mobile_width=&#8221;0&#8243; width=&#8221;1\/1&#8243;][vc_gallery el_id=&#8221;gallery-207863&#8243; medias=&#8221;54611,54612,54614,54615&#8243; style_preset=&#8221;metro&#8221; gutter_size=&#8221;1&#8243; media_items=&#8221;media|lightbox|original&#8221; screen_lg=&#8221;1000&#8243; screen_md=&#8221;600&#8243; screen_sm=&#8221;480&#8243; single_width=&#8221;6&#8243; single_overlay_opacity=&#8221;50&#8243; single_padding=&#8221;2&#8243; lbox_caption=&#8221;yes&#8221; lbox_social=&#8221;yes&#8221;][\/vc_column][\/vc_row][vc_row unlock_row_content=&#8221;yes&#8221; row_height_percent=&#8221;0&#8243; overlay_alpha=&#8221;50&#8243; gutter_size=&#8221;3&#8243; shift_y=&#8221;0&#8243;][vc_column column_width_percent=&#8221;60&#8243; gutter_size=&#8221;3&#8243; overlay_alpha=&#8221;50&#8243; shift_x=&#8221;0&#8243; shift_y=&#8221;0&#8243; z_index=&#8221;0&#8243; medium_width=&#8221;0&#8243; width=&#8221;1\/1&#8243;][vc_column_text]The arrival on the refuge and the lake of Muzelle is superb. The landscape reveals a large circus closed at the bottom by the impressive Col de la Muzelle. The Lake is nestled at the bottom of the depression. Since we are early in the season, many snow patches are present on the surrounding walls and are reflected on the surface of the lake. After a refreshing break at the refuge, taking advantage of the babysitter&#8217;s present, we will put the bivouac slightly above the lake near the spillway. The view is superb, the weather is nice and we will only have met the babysitter, her teammate and a guy who does the GR54 and with whom we will eat in the evening. We will not go to bed late after the 1500m of D + that we have just completed.[\/vc_column_text][\/vc_column][\/vc_row][vc_row unlock_row_content=&#8221;yes&#8221; row_height_percent=&#8221;0&#8243; overlay_alpha=&#8221;50&#8243; gutter_size=&#8221;3&#8243; shift_y=&#8221;0&#8243;][vc_column column_width_percent=&#8221;70&#8243; gutter_size=&#8221;3&#8243; overlay_alpha=&#8221;50&#8243; shift_x=&#8221;0&#8243; shift_y=&#8221;0&#8243; shift_y_down=&#8221;0&#8243; z_index=&#8221;0&#8243; medium_width=&#8221;0&#8243; mobile_width=&#8221;0&#8243; width=&#8221;1\/1&#8243;][vc_gallery el_id=&#8221;gallery-142562&#8243; medias=&#8221;54616,54617,54618,54619,54620,54621&#8243; style_preset=&#8221;metro&#8221; gutter_size=&#8221;1&#8243; media_items=&#8221;media|lightbox|original&#8221; screen_lg=&#8221;1000&#8243; screen_md=&#8221;600&#8243; screen_sm=&#8221;480&#8243; single_overlay_opacity=&#8221;50&#8243; single_padding=&#8221;2&#8243; lbox_caption=&#8221;yes&#8221; lbox_social=&#8221;yes&#8221; items=&#8221;eyI1NDYyMV9pIjp7InNpbmdsZV9pY29uIjoiIiwic2luZ2xlX3dpZHRoIjoiNCJ9fQ==&#8221;][\/vc_column][\/vc_row][vc_row][vc_column width=&#8221;1\/1&#8243;][vc_separator][vc_custom_heading]Day 2 &#8211; From Muzelle to Lauvitel[\/vc_custom_heading][\/vc_column][\/vc_row][vc_row row_height_percent=&#8221;0&#8243; overlay_alpha=&#8221;50&#8243; gutter_size=&#8221;3&#8243; shift_y=&#8221;0&#8243;][vc_column column_width_percent=&#8221;60&#8243; gutter_size=&#8221;3&#8243; overlay_alpha=&#8221;50&#8243; shift_x=&#8221;0&#8243; shift_y=&#8221;0&#8243; z_index=&#8221;0&#8243; medium_width=&#8221;0&#8243; width=&#8221;1\/1&#8243;][vc_column_text]It was relatively cold last night since the tent was frozen in the morning but we slept well in our cozy sleeping bag. As the program of the day is not very busy we take our time in the morning while waiting for the sun to come warm the tent.<\/p>\n<p>Breakfast will be quickly swallowed and we put the camp away before leaving in the direction of Lac du Lauvitel.[\/vc_column_text][\/vc_column][\/vc_row][vc_row row_height_percent=&#8221;0&#8243; overlay_alpha=&#8221;50&#8243; gutter_size=&#8221;3&#8243; shift_y=&#8221;0&#8243;][vc_column column_width_percent=&#8221;70&#8243; gutter_size=&#8221;3&#8243; overlay_alpha=&#8221;50&#8243; shift_x=&#8221;0&#8243; shift_y=&#8221;0&#8243; shift_y_down=&#8221;0&#8243; z_index=&#8221;0&#8243; medium_width=&#8221;0&#8243; mobile_width=&#8221;0&#8243; width=&#8221;1\/1&#8243;][vc_gallery el_id=&#8221;gallery-429780&#8243; isotope_mode=&#8221;fitRows&#8221; medias=&#8221;54644,54643,54642&#8243; style_preset=&#8221;metro&#8221; gutter_size=&#8221;1&#8243; media_items=&#8221;media|lightbox|original&#8221; screen_lg=&#8221;1000&#8243; screen_md=&#8221;600&#8243; screen_sm=&#8221;480&#8243; single_overlay_opacity=&#8221;50&#8243; single_padding=&#8221;2&#8243; lbox_caption=&#8221;yes&#8221; items=&#8221;e30=&#8221;][\/vc_column][\/vc_row][vc_row row_height_percent=&#8221;0&#8243; overlay_alpha=&#8221;50&#8243; gutter_size=&#8221;3&#8243; shift_y=&#8221;0&#8243;][vc_column column_width_percent=&#8221;60&#8243; gutter_size=&#8221;3&#8243; overlay_alpha=&#8221;50&#8243; shift_x=&#8221;0&#8243; shift_y=&#8221;0&#8243; z_index=&#8221;0&#8243; medium_width=&#8221;0&#8243; width=&#8221;1\/1&#8243;][vc_column_text]We will pass by the Col du Vallon (2540m) to reach the Lac du Lauvitel. But before that we stop 5min to find a Geocache placed under a rock not far from the path.<\/p>\n<p>The ascent follows a path that zigzags up to the pass. The view is absolutely superb on the Lac de la Muzelle below. We are lucky because it is under a bright sun that we will still be walking today. The climb does not pose any particular difficulty, in particular thanks to the well-stepped path. Arrived at the pass we land for a bite to eat and above all to admire the landscape. An ibex even gives us the pleasure of passing right by while taking our time. There is nobody&#8230;[\/vc_column_text][\/vc_column][\/vc_row][vc_row][vc_column column_width_percent=&#8221;70&#8243; gutter_size=&#8221;3&#8243; overlay_alpha=&#8221;50&#8243; shift_x=&#8221;0&#8243; shift_y=&#8221;0&#8243; shift_y_down=&#8221;0&#8243; z_index=&#8221;0&#8243; medium_width=&#8221;0&#8243; mobile_width=&#8221;0&#8243; width=&#8221;1\/1&#8243;][vc_gallery el_id=&#8221;gallery-205461&#8243; isotope_mode=&#8221;fitRows&#8221; medias=&#8221;54647,54649,54650,54651,54528,54653&#8243; style_preset=&#8221;metro&#8221; gutter_size=&#8221;1&#8243; media_items=&#8221;media|lightbox|original&#8221; screen_lg=&#8221;1000&#8243; screen_md=&#8221;600&#8243; screen_sm=&#8221;480&#8243; single_overlay_opacity=&#8221;50&#8243; single_padding=&#8221;2&#8243; lbox_caption=&#8221;yes&#8221; lbox_social=&#8221;yes&#8221;][\/vc_column][\/vc_row][vc_row row_height_percent=&#8221;0&#8243; overlay_alpha=&#8221;50&#8243; gutter_size=&#8221;3&#8243; shift_y=&#8221;0&#8243;][vc_column column_width_percent=&#8221;60&#8243; gutter_size=&#8221;3&#8243; overlay_alpha=&#8221;50&#8243; shift_x=&#8221;0&#8243; shift_y=&#8221;0&#8243; z_index=&#8221;0&#8243; medium_width=&#8221;0&#8243; width=&#8221;1\/1&#8243;][vc_column_text]We begin, after this break, the long descent to Lake Lauvitel. More than 1000m of D-. Fortunately the path is good and the view is beautiful, it follows the Embernard stream for almost the entire descent. The Lake is quickly revealed below us and we see it approach gradually, slowly. The lower part of the trail passes through a freshly collapsed area. We had also postponed the stay because security works were underway in the previous weeks and the path was prohibited. But this day we pass without a hitch.<\/p>\n<p>We finally arrive at the Lake. There are a few people because the way to go up there from the valley is simple and fast. There is a large expanse of grass with two tents already and a few chalets on the other side of the lake. The Lake is very beautiful, it is nestled between large cliffs except on the west side where it opens onto a valley which is an integral reserve. Only downside, an electric line that passes over the lake but which does not spoil the beauty of the place either.<\/p>\n<p>We don&#8217;t want to be too close to the other campers, so we leave on the left towards a rocky chaos because we think we will find a site for the tent behind it if we believe the map. We actually find a space right next to the lake and back to the rock well hidden from other people who may be on the grassy part. We put up the tent quickly then we take advantage of the place and its serenity.<\/p>\n<p>We will end the evening with a good hot meal and admire the sunset over the mountain.[\/vc_column_text][\/vc_column][\/vc_row][vc_row][vc_column column_width_percent=&#8221;70&#8243; gutter_size=&#8221;3&#8243; overlay_alpha=&#8221;50&#8243; shift_x=&#8221;0&#8243; shift_y=&#8221;0&#8243; shift_y_down=&#8221;0&#8243; z_index=&#8221;0&#8243; medium_width=&#8221;0&#8243; mobile_width=&#8221;0&#8243; width=&#8221;1\/1&#8243;][vc_gallery el_id=&#8221;gallery-917528&#8243; isotope_mode=&#8221;fitRows&#8221; medias=&#8221;54656,54657,54658,54660&#8243; style_preset=&#8221;metro&#8221; gutter_size=&#8221;1&#8243; screen_lg=&#8221;1000&#8243; screen_md=&#8221;600&#8243; screen_sm=&#8221;480&#8243; single_width=&#8221;6&#8243; single_overlay_opacity=&#8221;50&#8243; single_padding=&#8221;2&#8243;][\/vc_column][\/vc_row][vc_row][vc_column width=&#8221;1\/1&#8243;][vc_separator][vc_custom_heading]Day 3 &#8211; Descent and return[\/vc_custom_heading][\/vc_column][\/vc_row][vc_row][vc_column column_width_percent=&#8221;60&#8243; gutter_size=&#8221;3&#8243; overlay_alpha=&#8221;50&#8243; shift_x=&#8221;0&#8243; shift_y=&#8221;0&#8243; z_index=&#8221;0&#8243; medium_width=&#8221;0&#8243; width=&#8221;1\/1&#8243;][vc_column_text]The night will have been good and less cold than the day before since we were much lower. The alarm clock is done in the shade but the place is still as beautiful. We have breakfast without rushing because the program of the day only involves going back down to La Danch\u00e8re before returning to the Plan du Lac to take the car and go home.<\/p>\n<p>The descent is nice, it follows the Selle stream which turns into the Lauvitel stream below. We meet a few people who are climbing.<\/p>\n<p>Here we are, downstairs &#8230; After 2 big days upstairs, alone, the blocked view of the valleys is strange. In order to speed up the return (we have the road then to return) we decide to hitchhike. I don&#8217;t think there has ever been a more efficient stop, barely the thumb was lifted when two guys in a van stopped and dropped us off at the lodging for the first day.<\/p>\n<p><strong>This three-day getaway was a breath of fresh air. The Ecrins are magnificent and are less popular than other parts of the Alps. Nature is strong and present there. This tour is recommended for all those who want to discover the mountain and spend two nights in bivouac. We can facilitate it by going up to La Muzelle from Bourd d&#8217;Arud.<\/strong>[\/vc_column_text][\/vc_column][\/vc_row][vc_row][vc_column width=&#8221;1\/1&#8243;][vc_empty_space empty_h=&#8221;0&#8243;][\/vc_column][\/vc_row][vc_row][vc_column column_width_percent=&#8221;60&#8243; gutter_size=&#8221;3&#8243; overlay_alpha=&#8221;50&#8243; shift_x=&#8221;0&#8243; shift_y=&#8221;0&#8243; z_index=&#8221;0&#8243; medium_width=&#8221;0&#8243; width=&#8221;1\/1&#8243;][vc_custom_heading heading_semantic=&#8221;h3&#8243; text_size=&#8221;h3&#8243; text_color=&#8221;accent&#8221;]Some info:[\/vc_custom_heading][uncode_list icon=&#8221;fa fa-angle-right&#8221; icon_color=&#8221;color-vyce&#8221;]\n<ul>\n<li>IGN map: IGN TOP 25 3336 ET (1 \/ 25000e)<\/li>\n<li>Muzelle refuge site: Link<\/li>\n<\/ul>\n[\/uncode_list][\/vc_column][\/vc_row]\n<\/div>","protected":false},"excerpt":{"rendered":"<p>[vc_row row_height_percent=&#8221;0&#8243; back_color=&#8221;color-rgdb&#8221; overlay_alpha=&#8221;50&#8243; gutter_size=&#8221;3&#8243; column_width_percent=&#8221;100&#8243; shift_y=&#8221;0&#8243; z_index=&#8221;0&#8243;][vc_column column_width_percent=&#8221;60&#8243; position_vertical=&#8221;middle&#8221; align_horizontal=&#8221;align_center&#8221; gutter_size=&#8221;3&#8243; style=&#8221;dark&#8221; font_family=&#8221;font-232988&#8243; overlay_alpha=&#8221;50&#8243; shift_x=&#8221;0&#8243; shift_y=&#8221;0&#8243; shift_y_down=&#8221;0&#8243; z_index=&#8221;0&#8243; medium_width=&#8221;0&#8243; [&hellip;]<\/p>\n","protected":false},"author":1,"featured_media":63190,"comment_status":"open","ping_status":"open","sticky":false,"template":"","format":"standard","meta":{"footnotes":""},"categories":[654,655,951],"tags":[811,823,825,827,828,833,1011,1012,1013,1014,1015,1016,1017],"class_list":["post-63184","post","type-post","status-publish","format-standard","has-post-thumbnail","hentry","category-travel-journal","category-hiking","category-alps","tag-ecrins-en","tag-muzelle-en","tag-ecrin-en","tag-parc-des-ecrins-en","tag-tour-des-ecrins-en","tag-parc-national-des-ecrins-en","tag-alpes-en","tag-lac-en","tag-lauvitel-en","tag-rando-ecrins-en","tag-lac-muzelle-en","tag-lac-lauvitel-en","tag-refuge-muzelle-en"],"yoast_head":"<!-- This site is optimized with the Yoast SEO plugin v27.5 - https:\/\/yoast.com\/product\/yoast-seo-wordpress\/ -->\n<title>Between Muzelle and Lauvitel, 4 days in the Ecrins - SUMMIT CAIRN<\/title>\n<meta name=\"description\" content=\"Story of a 3-day trek in the Ecrins National Park between Lac de la Muzelle and Lac du Lauvitel via the Col du Vallon\" \/>\n<meta name=\"robots\" content=\"index, follow, max-snippet:-1, max-image-preview:large, max-video-preview:-1\" \/>\n<link rel=\"canonical\" href=\"https:\/\/www.summitcairn.com\/en\/muzelle-lauvitel\/\" \/>\n<meta property=\"og:locale\" content=\"en_US\" \/>\n<meta property=\"og:type\" content=\"article\" \/>\n<meta property=\"og:title\" content=\"Between Muzelle and Lauvitel, 4 days in the Ecrins - SUMMIT CAIRN\" \/>\n<meta property=\"og:description\" content=\"Story of a 3-day trek in the Ecrins National Park between Lac de la Muzelle and Lac du Lauvitel via the Col du Vallon\" \/>\n<meta property=\"og:url\" content=\"https:\/\/www.summitcairn.com\/en\/muzelle-lauvitel\/\" \/>\n<meta property=\"og:site_name\" content=\"SUMMIT CAIRN\" \/>\n<meta property=\"article:publisher\" content=\"https:\/\/www.facebook.com\/Summitcairn\/\" \/>\n<meta property=\"article:author\" content=\"https:\/\/www.facebook.com\/Summitcairn\/\" \/>\n<meta property=\"article:published_time\" content=\"2017-01-06T22:27:26+00:00\" \/>\n<meta property=\"article:modified_time\" content=\"2020-03-10T13:52:44+00:00\" \/>\n<meta property=\"og:image\" content=\"https:\/\/www.summitcairn.com\/wp-content\/uploads\/2017\/01\/DSC02722.jpg\" \/>\n\t<meta property=\"og:image:width\" content=\"1467\" \/>\n\t<meta property=\"og:image:height\" content=\"1100\" \/>\n\t<meta property=\"og:image:type\" content=\"image\/jpeg\" \/>\n<meta name=\"author\" content=\"Summit Cairn\" \/>\n<meta name=\"twitter:label1\" content=\"Written by\" \/>\n\t<meta name=\"twitter:data1\" content=\"Summit Cairn\" \/>\n\t<meta name=\"twitter:label2\" content=\"Est. reading time\" \/>\n\t<meta name=\"twitter:data2\" content=\"15 minutes\" \/>\n<script type=\"application\/ld+json\" class=\"yoast-schema-graph\">{\"@context\":\"https:\\\/\\\/schema.org\",\"@graph\":[{\"@type\":\"Article\",\"@id\":\"https:\\\/\\\/www.summitcairn.com\\\/en\\\/muzelle-lauvitel\\\/#article\",\"isPartOf\":{\"@id\":\"https:\\\/\\\/www.summitcairn.com\\\/en\\\/muzelle-lauvitel\\\/\"},\"author\":{\"name\":\"Summit Cairn\",\"@id\":\"https:\\\/\\\/www.summitcairn.com\\\/en\\\/#\\\/schema\\\/person\\\/a50cadfa2f614bb49668df749b3b3ae3\"},\"headline\":\"Between La Muzelle and Lauvitel\",\"datePublished\":\"2017-01-06T22:27:26+00:00\",\"dateModified\":\"2020-03-10T13:52:44+00:00\",\"mainEntityOfPage\":{\"@id\":\"https:\\\/\\\/www.summitcairn.com\\\/en\\\/muzelle-lauvitel\\\/\"},\"wordCount\":3021,\"commentCount\":0,\"publisher\":{\"@id\":\"https:\\\/\\\/www.summitcairn.com\\\/en\\\/#\\\/schema\\\/person\\\/a50cadfa2f614bb49668df749b3b3ae3\"},\"image\":{\"@id\":\"https:\\\/\\\/www.summitcairn.com\\\/en\\\/muzelle-lauvitel\\\/#primaryimage\"},\"thumbnailUrl\":\"https:\\\/\\\/www.summitcairn.com\\\/wp-content\\\/uploads\\\/2017\\\/01\\\/DSC02722.jpg\",\"keywords\":[\"Ecrins\",\"muzelle\",\"ecrin\",\"parc des ecrins\",\"tour des ecrins\",\"parc national des ecrins\",\"Alpes\",\"Lac\",\"lauvitel\",\"rando ecrins\",\"lac muzelle\",\"lac lauvitel\",\"refuge muzelle\"],\"articleSection\":[\"Travel Journal\",\"Hiking\",\"Alps\"],\"inLanguage\":\"en-US\",\"potentialAction\":[{\"@type\":\"CommentAction\",\"name\":\"Comment\",\"target\":[\"https:\\\/\\\/www.summitcairn.com\\\/en\\\/muzelle-lauvitel\\\/#respond\"]}]},{\"@type\":\"WebPage\",\"@id\":\"https:\\\/\\\/www.summitcairn.com\\\/en\\\/muzelle-lauvitel\\\/\",\"url\":\"https:\\\/\\\/www.summitcairn.com\\\/en\\\/muzelle-lauvitel\\\/\",\"name\":\"Between Muzelle and Lauvitel, 4 days in the Ecrins - SUMMIT CAIRN\",\"isPartOf\":{\"@id\":\"https:\\\/\\\/www.summitcairn.com\\\/en\\\/#website\"},\"primaryImageOfPage\":{\"@id\":\"https:\\\/\\\/www.summitcairn.com\\\/en\\\/muzelle-lauvitel\\\/#primaryimage\"},\"image\":{\"@id\":\"https:\\\/\\\/www.summitcairn.com\\\/en\\\/muzelle-lauvitel\\\/#primaryimage\"},\"thumbnailUrl\":\"https:\\\/\\\/www.summitcairn.com\\\/wp-content\\\/uploads\\\/2017\\\/01\\\/DSC02722.jpg\",\"datePublished\":\"2017-01-06T22:27:26+00:00\",\"dateModified\":\"2020-03-10T13:52:44+00:00\",\"description\":\"Story of a 3-day trek in the Ecrins National Park between Lac de la Muzelle and Lac du Lauvitel via the Col du Vallon\",\"breadcrumb\":{\"@id\":\"https:\\\/\\\/www.summitcairn.com\\\/en\\\/muzelle-lauvitel\\\/#breadcrumb\"},\"inLanguage\":\"en-US\",\"potentialAction\":[{\"@type\":\"ReadAction\",\"target\":[\"https:\\\/\\\/www.summitcairn.com\\\/en\\\/muzelle-lauvitel\\\/\"]}]},{\"@type\":\"ImageObject\",\"inLanguage\":\"en-US\",\"@id\":\"https:\\\/\\\/www.summitcairn.com\\\/en\\\/muzelle-lauvitel\\\/#primaryimage\",\"url\":\"https:\\\/\\\/www.summitcairn.com\\\/wp-content\\\/uploads\\\/2017\\\/01\\\/DSC02722.jpg\",\"contentUrl\":\"https:\\\/\\\/www.summitcairn.com\\\/wp-content\\\/uploads\\\/2017\\\/01\\\/DSC02722.jpg\",\"width\":1467,\"height\":1100,\"caption\":\"La Cime du Pied de Barry, Parc National des Ecrins\"},{\"@type\":\"BreadcrumbList\",\"@id\":\"https:\\\/\\\/www.summitcairn.com\\\/en\\\/muzelle-lauvitel\\\/#breadcrumb\",\"itemListElement\":[{\"@type\":\"ListItem\",\"position\":1,\"name\":\"Accueil\",\"item\":\"https:\\\/\\\/www.summitcairn.com\\\/en\\\/\"},{\"@type\":\"ListItem\",\"position\":2,\"name\":\"Between La Muzelle and Lauvitel\"}]},{\"@type\":\"WebSite\",\"@id\":\"https:\\\/\\\/www.summitcairn.com\\\/en\\\/#website\",\"url\":\"https:\\\/\\\/www.summitcairn.com\\\/en\\\/\",\"name\":\"SUMMIT CAIRN\",\"description\":\"Treks, voyages et conseils\",\"publisher\":{\"@id\":\"https:\\\/\\\/www.summitcairn.com\\\/en\\\/#\\\/schema\\\/person\\\/a50cadfa2f614bb49668df749b3b3ae3\"},\"potentialAction\":[{\"@type\":\"SearchAction\",\"target\":{\"@type\":\"EntryPoint\",\"urlTemplate\":\"https:\\\/\\\/www.summitcairn.com\\\/en\\\/?s={search_term_string}\"},\"query-input\":{\"@type\":\"PropertyValueSpecification\",\"valueRequired\":true,\"valueName\":\"search_term_string\"}}],\"inLanguage\":\"en-US\"},{\"@type\":[\"Person\",\"Organization\"],\"@id\":\"https:\\\/\\\/www.summitcairn.com\\\/en\\\/#\\\/schema\\\/person\\\/a50cadfa2f614bb49668df749b3b3ae3\",\"name\":\"Summit Cairn\",\"image\":{\"@type\":\"ImageObject\",\"inLanguage\":\"en-US\",\"@id\":\"https:\\\/\\\/secure.gravatar.com\\\/avatar\\\/04be70296f954948f86156bdd65ae5f01aae2feedc85db02e88fcf5676c4ccc9?s=96&d=blank&r=g\",\"url\":\"https:\\\/\\\/secure.gravatar.com\\\/avatar\\\/04be70296f954948f86156bdd65ae5f01aae2feedc85db02e88fcf5676c4ccc9?s=96&d=blank&r=g\",\"contentUrl\":\"https:\\\/\\\/secure.gravatar.com\\\/avatar\\\/04be70296f954948f86156bdd65ae5f01aae2feedc85db02e88fcf5676c4ccc9?s=96&d=blank&r=g\",\"caption\":\"Summit Cairn\"},\"logo\":{\"@id\":\"https:\\\/\\\/secure.gravatar.com\\\/avatar\\\/04be70296f954948f86156bdd65ae5f01aae2feedc85db02e88fcf5676c4ccc9?s=96&d=blank&r=g\"},\"description\":\"Passionn\u00e9 par la montagne et les r\u00e9gions polaires, j\u2019essaie de m\u2019y perdre d\u00e8s que possible\u2026 J\u2019ai commenc\u00e9 la randonn\u00e9e en 2008 \u00e0 Chamonix. Le coup de foudre a \u00e9t\u00e9 imm\u00e9diat, j\u2019ai tout de suite ador\u00e9 cette libert\u00e9 dans les grands espaces et le spectacle qu\u2019offre la montagne. Cette passion s\u2019est ensuite d\u00e9velopp\u00e9e d\u2019avantage avec mon premier \u00ab grand \u00bb trek : le Tour des Annapurnas au N\u00e9pal et de multiples randonn\u00e9es dans les Alpes. J\u2019ai \u00e9galement d\u00e9couvert l\u2019alpinisme gr\u00e2ce auquel on explore une autre facette de la montagne encore plus intime gr\u00e2ce \u00e0 l\u2019engagement qu\u2019il n\u00e9cessite. Ce n\u2019est que r\u00e9cemment que j\u2019ai commenc\u00e9 \u00e0 explorer le (Grand) Nord avec, d\u2019abord, l\u2019Islande puis la Norv\u00e8ge entre le Svalbard et les Lofoten et la Su\u00e8de avec la Kungsleden. Je n\u2019en finis pas d\u2019\u00eatre \u00e9merveill\u00e9 par cette \u00ab r\u00e9gion \u00bb du monde et toutes les possibilit\u00e9s de treks qu\u2019elle r\u00e9serve. La randonn\u00e9e en autonomie est une activit\u00e9 formidable. On \u00e9volue dans les plus beaux paysages qui soit, on prend le temps de savourer, on r\u00e9fl\u00e9chit, on se perd. L\u2019introspection est forte lorsque l\u2019on s\u2019\u00e9vade dans les grands espaces inhumains, c\u2019est le moment de se d\u00e9couvrir et de d\u00e9couvrir ceux qui vous accompagne, comme le dit un proverbe islandais \u00ab l\u2019aiguille de la boussole ne m\u00e8ne qu\u2019\u00e0 soit m\u00eame \u00bb. C\u2019est aussi l\u2019occasion de laisser derri\u00e8re TV, internet et smartphone et de revenir \u00e0 la base : avancer, avoir chaud, se prot\u00e9ger, manger\u2026 Je souhaitais donc partager cette passion, gr\u00e2ce \u00e0 ce blog, au travers de mes carnets mais \u00e9galement gr\u00e2ce \u00e0 ce que j\u2019ai pu apprendre sur le terrain. J\u2019esp\u00e8re que vous trouverez de quoi vous \u00e9vader le temps d\u2019un r\u00e9cit, de quoi vous donner des id\u00e9es pour une prochaine aventure ou les r\u00e9ponses \u00e0 vos questions sur le mat\u00e9riel et la pr\u00e9paration. Alors surtout marchez, courrez, grimpez. \u00c9vadez vous dans les montagnes, dans la nature !\",\"sameAs\":[\"https:\\\/\\\/www.summitcairn.com\",\"https:\\\/\\\/www.facebook.com\\\/Summitcairn\\\/\",\"https:\\\/\\\/instagram.com\\\/summitcairn\"]}]}<\/script>\n<!-- \/ Yoast SEO plugin. -->","yoast_head_json":{"title":"Between Muzelle and Lauvitel, 4 days in the Ecrins - SUMMIT CAIRN","description":"Story of a 3-day trek in the Ecrins National Park between Lac de la Muzelle and Lac du Lauvitel via the Col du Vallon","robots":{"index":"index","follow":"follow","max-snippet":"max-snippet:-1","max-image-preview":"max-image-preview:large","max-video-preview":"max-video-preview:-1"},"canonical":"https:\/\/www.summitcairn.com\/en\/muzelle-lauvitel\/","og_locale":"en_US","og_type":"article","og_title":"Between Muzelle and Lauvitel, 4 days in the Ecrins - SUMMIT CAIRN","og_description":"Story of a 3-day trek in the Ecrins National Park between Lac de la Muzelle and Lac du Lauvitel via the Col du Vallon","og_url":"https:\/\/www.summitcairn.com\/en\/muzelle-lauvitel\/","og_site_name":"SUMMIT CAIRN","article_publisher":"https:\/\/www.facebook.com\/Summitcairn\/","article_author":"https:\/\/www.facebook.com\/Summitcairn\/","article_published_time":"2017-01-06T22:27:26+00:00","article_modified_time":"2020-03-10T13:52:44+00:00","og_image":[{"width":1467,"height":1100,"url":"https:\/\/www.summitcairn.com\/wp-content\/uploads\/2017\/01\/DSC02722.jpg","type":"image\/jpeg"}],"author":"Summit Cairn","twitter_misc":{"Written by":"Summit Cairn","Est. reading time":"15 minutes"},"schema":{"@context":"https:\/\/schema.org","@graph":[{"@type":"Article","@id":"https:\/\/www.summitcairn.com\/en\/muzelle-lauvitel\/#article","isPartOf":{"@id":"https:\/\/www.summitcairn.com\/en\/muzelle-lauvitel\/"},"author":{"name":"Summit Cairn","@id":"https:\/\/www.summitcairn.com\/en\/#\/schema\/person\/a50cadfa2f614bb49668df749b3b3ae3"},"headline":"Between La Muzelle and Lauvitel","datePublished":"2017-01-06T22:27:26+00:00","dateModified":"2020-03-10T13:52:44+00:00","mainEntityOfPage":{"@id":"https:\/\/www.summitcairn.com\/en\/muzelle-lauvitel\/"},"wordCount":3021,"commentCount":0,"publisher":{"@id":"https:\/\/www.summitcairn.com\/en\/#\/schema\/person\/a50cadfa2f614bb49668df749b3b3ae3"},"image":{"@id":"https:\/\/www.summitcairn.com\/en\/muzelle-lauvitel\/#primaryimage"},"thumbnailUrl":"https:\/\/www.summitcairn.com\/wp-content\/uploads\/2017\/01\/DSC02722.jpg","keywords":["Ecrins","muzelle","ecrin","parc des ecrins","tour des ecrins","parc national des ecrins","Alpes","Lac","lauvitel","rando ecrins","lac muzelle","lac lauvitel","refuge muzelle"],"articleSection":["Travel Journal","Hiking","Alps"],"inLanguage":"en-US","potentialAction":[{"@type":"CommentAction","name":"Comment","target":["https:\/\/www.summitcairn.com\/en\/muzelle-lauvitel\/#respond"]}]},{"@type":"WebPage","@id":"https:\/\/www.summitcairn.com\/en\/muzelle-lauvitel\/","url":"https:\/\/www.summitcairn.com\/en\/muzelle-lauvitel\/","name":"Between Muzelle and Lauvitel, 4 days in the Ecrins - SUMMIT CAIRN","isPartOf":{"@id":"https:\/\/www.summitcairn.com\/en\/#website"},"primaryImageOfPage":{"@id":"https:\/\/www.summitcairn.com\/en\/muzelle-lauvitel\/#primaryimage"},"image":{"@id":"https:\/\/www.summitcairn.com\/en\/muzelle-lauvitel\/#primaryimage"},"thumbnailUrl":"https:\/\/www.summitcairn.com\/wp-content\/uploads\/2017\/01\/DSC02722.jpg","datePublished":"2017-01-06T22:27:26+00:00","dateModified":"2020-03-10T13:52:44+00:00","description":"Story of a 3-day trek in the Ecrins National Park between Lac de la Muzelle and Lac du Lauvitel via the Col du Vallon","breadcrumb":{"@id":"https:\/\/www.summitcairn.com\/en\/muzelle-lauvitel\/#breadcrumb"},"inLanguage":"en-US","potentialAction":[{"@type":"ReadAction","target":["https:\/\/www.summitcairn.com\/en\/muzelle-lauvitel\/"]}]},{"@type":"ImageObject","inLanguage":"en-US","@id":"https:\/\/www.summitcairn.com\/en\/muzelle-lauvitel\/#primaryimage","url":"https:\/\/www.summitcairn.com\/wp-content\/uploads\/2017\/01\/DSC02722.jpg","contentUrl":"https:\/\/www.summitcairn.com\/wp-content\/uploads\/2017\/01\/DSC02722.jpg","width":1467,"height":1100,"caption":"La Cime du Pied de Barry, Parc National des Ecrins"},{"@type":"BreadcrumbList","@id":"https:\/\/www.summitcairn.com\/en\/muzelle-lauvitel\/#breadcrumb","itemListElement":[{"@type":"ListItem","position":1,"name":"Accueil","item":"https:\/\/www.summitcairn.com\/en\/"},{"@type":"ListItem","position":2,"name":"Between La Muzelle and Lauvitel"}]},{"@type":"WebSite","@id":"https:\/\/www.summitcairn.com\/en\/#website","url":"https:\/\/www.summitcairn.com\/en\/","name":"SUMMIT CAIRN","description":"Treks, voyages et conseils","publisher":{"@id":"https:\/\/www.summitcairn.com\/en\/#\/schema\/person\/a50cadfa2f614bb49668df749b3b3ae3"},"potentialAction":[{"@type":"SearchAction","target":{"@type":"EntryPoint","urlTemplate":"https:\/\/www.summitcairn.com\/en\/?s={search_term_string}"},"query-input":{"@type":"PropertyValueSpecification","valueRequired":true,"valueName":"search_term_string"}}],"inLanguage":"en-US"},{"@type":["Person","Organization"],"@id":"https:\/\/www.summitcairn.com\/en\/#\/schema\/person\/a50cadfa2f614bb49668df749b3b3ae3","name":"Summit Cairn","image":{"@type":"ImageObject","inLanguage":"en-US","@id":"https:\/\/secure.gravatar.com\/avatar\/04be70296f954948f86156bdd65ae5f01aae2feedc85db02e88fcf5676c4ccc9?s=96&d=blank&r=g","url":"https:\/\/secure.gravatar.com\/avatar\/04be70296f954948f86156bdd65ae5f01aae2feedc85db02e88fcf5676c4ccc9?s=96&d=blank&r=g","contentUrl":"https:\/\/secure.gravatar.com\/avatar\/04be70296f954948f86156bdd65ae5f01aae2feedc85db02e88fcf5676c4ccc9?s=96&d=blank&r=g","caption":"Summit Cairn"},"logo":{"@id":"https:\/\/secure.gravatar.com\/avatar\/04be70296f954948f86156bdd65ae5f01aae2feedc85db02e88fcf5676c4ccc9?s=96&d=blank&r=g"},"description":"Passionn\u00e9 par la montagne et les r\u00e9gions polaires, j\u2019essaie de m\u2019y perdre d\u00e8s que possible\u2026 J\u2019ai commenc\u00e9 la randonn\u00e9e en 2008 \u00e0 Chamonix. Le coup de foudre a \u00e9t\u00e9 imm\u00e9diat, j\u2019ai tout de suite ador\u00e9 cette libert\u00e9 dans les grands espaces et le spectacle qu\u2019offre la montagne. Cette passion s\u2019est ensuite d\u00e9velopp\u00e9e d\u2019avantage avec mon premier \u00ab grand \u00bb trek : le Tour des Annapurnas au N\u00e9pal et de multiples randonn\u00e9es dans les Alpes. J\u2019ai \u00e9galement d\u00e9couvert l\u2019alpinisme gr\u00e2ce auquel on explore une autre facette de la montagne encore plus intime gr\u00e2ce \u00e0 l\u2019engagement qu\u2019il n\u00e9cessite. Ce n\u2019est que r\u00e9cemment que j\u2019ai commenc\u00e9 \u00e0 explorer le (Grand) Nord avec, d\u2019abord, l\u2019Islande puis la Norv\u00e8ge entre le Svalbard et les Lofoten et la Su\u00e8de avec la Kungsleden. Je n\u2019en finis pas d\u2019\u00eatre \u00e9merveill\u00e9 par cette \u00ab r\u00e9gion \u00bb du monde et toutes les possibilit\u00e9s de treks qu\u2019elle r\u00e9serve. La randonn\u00e9e en autonomie est une activit\u00e9 formidable. On \u00e9volue dans les plus beaux paysages qui soit, on prend le temps de savourer, on r\u00e9fl\u00e9chit, on se perd. L\u2019introspection est forte lorsque l\u2019on s\u2019\u00e9vade dans les grands espaces inhumains, c\u2019est le moment de se d\u00e9couvrir et de d\u00e9couvrir ceux qui vous accompagne, comme le dit un proverbe islandais \u00ab l\u2019aiguille de la boussole ne m\u00e8ne qu\u2019\u00e0 soit m\u00eame \u00bb. C\u2019est aussi l\u2019occasion de laisser derri\u00e8re TV, internet et smartphone et de revenir \u00e0 la base : avancer, avoir chaud, se prot\u00e9ger, manger\u2026 Je souhaitais donc partager cette passion, gr\u00e2ce \u00e0 ce blog, au travers de mes carnets mais \u00e9galement gr\u00e2ce \u00e0 ce que j\u2019ai pu apprendre sur le terrain. J\u2019esp\u00e8re que vous trouverez de quoi vous \u00e9vader le temps d\u2019un r\u00e9cit, de quoi vous donner des id\u00e9es pour une prochaine aventure ou les r\u00e9ponses \u00e0 vos questions sur le mat\u00e9riel et la pr\u00e9paration. Alors surtout marchez, courrez, grimpez. \u00c9vadez vous dans les montagnes, dans la nature !","sameAs":["https:\/\/www.summitcairn.com","https:\/\/www.facebook.com\/Summitcairn\/","https:\/\/instagram.com\/summitcairn"]}]}},"_links":{"self":[{"href":"https:\/\/www.summitcairn.com\/en\/wp-json\/wp\/v2\/posts\/63184","targetHints":{"allow":["GET"]}}],"collection":[{"href":"https:\/\/www.summitcairn.com\/en\/wp-json\/wp\/v2\/posts"}],"about":[{"href":"https:\/\/www.summitcairn.com\/en\/wp-json\/wp\/v2\/types\/post"}],"author":[{"embeddable":true,"href":"https:\/\/www.summitcairn.com\/en\/wp-json\/wp\/v2\/users\/1"}],"replies":[{"embeddable":true,"href":"https:\/\/www.summitcairn.com\/en\/wp-json\/wp\/v2\/comments?post=63184"}],"version-history":[{"count":0,"href":"https:\/\/www.summitcairn.com\/en\/wp-json\/wp\/v2\/posts\/63184\/revisions"}],"wp:featuredmedia":[{"embeddable":true,"href":"https:\/\/www.summitcairn.com\/en\/wp-json\/wp\/v2\/media\/63190"}],"wp:attachment":[{"href":"https:\/\/www.summitcairn.com\/en\/wp-json\/wp\/v2\/media?parent=63184"}],"wp:term":[{"taxonomy":"category","embeddable":true,"href":"https:\/\/www.summitcairn.com\/en\/wp-json\/wp\/v2\/categories?post=63184"},{"taxonomy":"post_tag","embeddable":true,"href":"https:\/\/www.summitcairn.com\/en\/wp-json\/wp\/v2\/tags?post=63184"}],"curies":[{"name":"wp","href":"https:\/\/api.w.org\/{rel}","templated":true}]}}